{"id":9468,"date":"2023-05-09T00:29:03","date_gmt":"2023-05-09T05:29:03","guid":{"rendered":"https:\/\/informebajio.com.mx\/?p=9468"},"modified":"2023-05-09T00:29:03","modified_gmt":"2023-05-09T05:29:03","slug":"el-martes-se-informara-la-decision-del-gobierno-federal-anticipa-amlo","status":"publish","type":"post","link":"https:\/\/informebajio.com.mx\/?p=9468","title":{"rendered":"El martes se informar\u00e1 la decisi\u00f3n del gobierno federal, anticipa AMLO"},"content":{"rendered":"<div id=\"content_nitf\">\n<p>Puebla, Pue., Despu\u00e9s de darse a conocer que la Organizaci\u00f3n Mundial de la Salud (OMS) determin\u00f3 levantar la emergencia internacional derivada de la pandemia de covid-19 \u2013que se prolong\u00f3 desde 2020\u2013, el presidente Andr\u00e9s Manuel L\u00f3pez Obrador inform\u00f3 que su gobierno esperaba que ese organismo emitiera la decisi\u00f3n para definir lo procedente en M\u00e9xico. Sin embargo, anticip\u00f3 que ser\u00e1 la pr\u00f3xima semana cuando esto ocurra.<\/p>\n<p>En la rueda de prensa en Puebla, L\u00f3pez Obrador anticip\u00f3 que el pr\u00f3ximo lunes se analizar\u00e1 la decisi\u00f3n del organismo y sus repercusiones en M\u00e9xico en la reuni\u00f3n de gabinete de salud que se efect\u00faa semanalmente. No quiso ahondar en el asunto, pero anticip\u00f3 que el pr\u00f3ximo martes, en la conferencia en Palacio Nacional, se anunciar\u00edan los pasos a seguir en relaci\u00f3n con la pandemia.<\/p>\n<p>El Consejo de Salubridad General del gobierno federal declar\u00f3 el 31 de marzo de 2020 la emergencia nacional a \u201ccausa de fuerza mayor\u201d por covid-19.<\/p>\n<h3>Mantener los h\u00e1bitos de higiene, sugiere especialista<\/h3>\n<p>En tanto, Jessica Gonz\u00e1lez, especialista en Salud de la Universidad La Salle, se\u00f1al\u00f3 que la OMS declar\u00f3 concluida la fase de la emergencia de la pandemia, pero \u201cno ha declarado el fin del covid-19\u201d.<\/p>\n<p>Gonz\u00e1lez se pronunci\u00f3 a favor de que los ciudadanos mantengan h\u00e1bitos de higiene como el lavado de manos y si presentan alg\u00fan s\u00edntoma de resfriado, acudir al m\u00e9dico, utilizar cubrebocas y aislarse para evitar contagios.<\/p>\n<p>Expuso que es necesario entender el anuncio del organismo internacional, por lo que se\u00f1al\u00f3 que la poblaci\u00f3n debe \u201cseguirse cuidando como h\u00e1bito y no como algo impositivo\u201d, al insistir en que dar por terminada \u201cla emergencia se refiere a reactivar la actividad econ\u00f3mica, social y pol\u00edtica, que es justo lo que merm\u00f3 la situaci\u00f3n financiera y las relaciones de muchos pa\u00edses\u201d.<\/p>\n<p>Mencion\u00f3 que el covid-19 \u201ces un virus que est\u00e1 presente\u201d, por lo que la OMS exhort\u00f3 a los pa\u00edses a \u201cmantener las estrategias de protecci\u00f3n, prevenci\u00f3n y de promoci\u00f3n de la salud e incluso de cuidados a las personas que se contagian de covid; a no quitar estas medidas de atenci\u00f3n, porque es ah\u00ed en lo que se ver\u00e1 el \u00e9xito al suspender la fase de emergencia\u201d.<\/p>\n<p>Record\u00f3 la presencia de las variantes \u00f3micron y delta y alert\u00f3 que \u201cno estamos exentos de nuevas mutaciones del virus. Por eso la importancia de seguir vacun\u00e1ndonos al menos de manera anual, como la campa\u00f1a invernal contra la influenza\u201d. Expres\u00f3 que \u201csi algo nos ha dejado el covid-19 es la ense\u00f1anza de acudir al m\u00e9dico. No dejemos esto de lado: colocarse un cubrebocas, porque no pasa nada si lo traemos de tres a cinco d\u00edas\u201d y se evitan los contagios.<\/p>\n<p>(Con informaci\u00f3n de Emir Olivares y Elba M\u00f3nica Bravo)<\/p>\n<\/div>\n<p><script>\n      !function(f,b,e,v,n,t,s)\n      {if(f.fbq)return;n=f.fbq=function(){n.callMethod?\n      n.callMethod.apply(n,arguments):n.queue.push(arguments)};\n      if(!f._fbq)f._fbq=n;n.push=n;n.loaded=!0;n.version='2.0';\n      n.queue=[];t=b.createElement(e);t.async=!0;\n      t.src=v;s=b.getElementsByTagName(e)[0];\n      s.parentNode.insertBefore(t,s)}(window, document,'script',\n      'https:\/\/connect.facebook.net\/en_US\/fbevents.js');\n      fbq('init', '133913093805922');\n      fbq('track', 'PageView');\n      fbq('track', 'Contact');\n      fbq('track', 'Donate');\n      fbq('track', 'FindLocation');\n      fbq('track', 'Lead');\n      fbq('track', 'Search');\n      fbq('track', 'Subscribe', {value: '0.00', currency: 'MXN', predicted_ltv: '0.00'});\n      fbq('track', 'ViewContent');\n    <\/script><script type=\"text\/javascript\">(function(d, s, id) {\n\t  var js, fjs = d.getElementsByTagName(s)[0];\n\t  if (d.getElementById(id)) return;\n\t  js = d.createElement(s); js.id = id;\n\t  js.src = \"\/\/connect.facebook.net\/es_LA\/sdk.js#xfbml=1&amp;version=v3.3&amp;appId=774389309362880\";\n\t  fjs.parentNode.insertBefore(js, fjs);\n\t}(document, 'script', 'facebook-jssdk'));<\/script><\/p>\n","protected":false},"excerpt":{"rendered":"<p>Puebla, Pue., Despu\u00e9s de darse a conocer que la Organizaci\u00f3n Mundial de la Salud (OMS) determin\u00f3 levantar la emergencia internacional derivada de la pandemia de covid-19 \u2013que se prolong\u00f3 desde 2020\u2013, el presidente Andr\u00e9s Manuel L\u00f3pez Obrador inform\u00f3 que su gobierno esperaba que ese organismo emitiera la decisi\u00f3n para definir lo procedente en M\u00e9xico. Sin [&hellip;]<\/p>\n","protected":false},"author":2,"featured_media":9469,"comment_status":"","ping_status":"","sticky":false,"template":"","format":"standard","meta":{"_monsterinsights_skip_tracking":false,"_monsterinsights_sitenote_active":false,"_monsterinsights_sitenote_note":"","_monsterinsights_sitenote_category":0,"footnotes":""},"categories":[9],"tags":[],"class_list":["post-9468","post","type-post","status-publish","format-standard","has-post-thumbnail","hentry","category-deportes"],"_links":{"self":[{"href":"https:\/\/informebajio.com.mx\/index.php?rest_route=\/wp\/v2\/posts\/9468","targetHints":{"allow":["GET"]}}],"collection":[{"href":"https:\/\/informebajio.com.mx\/index.php?rest_route=\/wp\/v2\/posts"}],"about":[{"href":"https:\/\/informebajio.com.mx\/index.php?rest_route=\/wp\/v2\/types\/post"}],"author":[{"embeddable":true,"href":"https:\/\/informebajio.com.mx\/index.php?rest_route=\/wp\/v2\/users\/2"}],"replies":[{"embeddable":true,"href":"https:\/\/informebajio.com.mx\/index.php?rest_route=%2Fwp%2Fv2%2Fcomments&post=9468"}],"version-history":[{"count":0,"href":"https:\/\/informebajio.com.mx\/index.php?rest_route=\/wp\/v2\/posts\/9468\/revisions"}],"wp:featuredmedia":[{"embeddable":true,"href":"https:\/\/informebajio.com.mx\/index.php?rest_route=\/wp\/v2\/media\/9469"}],"wp:attachment":[{"href":"https:\/\/informebajio.com.mx\/index.php?rest_route=%2Fwp%2Fv2%2Fmedia&parent=9468"}],"wp:term":[{"taxonomy":"category","embeddable":true,"href":"https:\/\/informebajio.com.mx\/index.php?rest_route=%2Fwp%2Fv2%2Fcategories&post=9468"},{"taxonomy":"post_tag","embeddable":true,"href":"https:\/\/informebajio.com.mx\/index.php?rest_route=%2Fwp%2Fv2%2Ftags&post=9468"}],"curies":[{"name":"wp","href":"https:\/\/api.w.org\/{rel}","templated":true}]}}