{"id":9484,"date":"2023-05-09T08:18:38","date_gmt":"2023-05-09T13:18:38","guid":{"rendered":"https:\/\/informebajio.com.mx\/?p=9484"},"modified":"2023-05-09T08:18:38","modified_gmt":"2023-05-09T13:18:38","slug":"destaca-rectora-uaq-trabajo-de-universitarios-durante-la-pandemia-por-covid-19","status":"publish","type":"post","link":"https:\/\/informebajio.com.mx\/?p=9484","title":{"rendered":"Destaca rectora UAQ trabajo de universitarios durante la pandemia por COVID-19"},"content":{"rendered":"<div>\n<p class=\"Normal1\" style=\"text-align: justify; text-justify: inter-ideograph;\"><span lang=\"UZ-CYR\" style=\"font-size: 14.0pt; line-height: 115%;\">Por Jahaira Lara<\/span><\/p>\n<p class=\"Normal1\" style=\"text-align: justify; text-justify: inter-ideograph;\"><span lang=\"UZ-CYR\" style=\"font-size: 14.0pt; line-height: 115%;\">Noticias <\/span><\/p>\n<p class=\"Normal1\" style=\"text-align: justify; text-justify: inter-ideograph;\"><span lang=\"UZ-CYR\" style=\"font-size: 14.0pt; line-height: 115%;\">\u00a0<\/span><\/p>\n<p><!-- Composite Start --><\/p>\n<p><!-- Composite End --><\/p>\n<p class=\"Normal1\" style=\"text-align: justify; text-justify: inter-ideograph;\"><span lang=\"UZ-CYR\" style=\"font-size: 14.0pt; line-height: 115%;\">La aplicaci\u00f3n de pruebas para detectar el virus SARS CoV-2, la elaboraci\u00f3n de m\u00e1scaras y batas, as\u00ed como el desarrollo de un prototipo de vacuna contra el virus causante de COVID-19, fueron parte las acciones que impuls\u00f3 la comunidad universitaria para combatir la pandemia desde su inicio; reconoci\u00f3 la rectora Teresa Garc\u00eda Gasca, qui\u00e9n destac\u00f3 que la declaratoria del fin de la emergencia de salud p\u00fablica internacional da pauta a trabajar en acciones distintas que permitan seguir atendiendo la pandemia.<\/span><\/p>\n<p class=\"Normal1\" style=\"text-align: justify; text-justify: inter-ideograph;\"><span lang=\"UZ-CYR\" style=\"font-size: 14.0pt; line-height: 115%;\">En este sentido, reiter\u00f3 que la pandemia a\u00fan contin\u00faa y es importante que se mantenga el monitoreo sobre el desarrollo de la enfermedad, para lo cual la instituci\u00f3n mantendr\u00e1 la presentaci\u00f3n del sem\u00e1foro mensual, se contin\u00faa con el desarrollo de la vacuna; adem\u00e1s de que dijo, ser\u00e1 importante atender, investigar, analizar y generar tratamientos integrales en torno a secuelas importantes que deja la enfermedad.<\/span><\/p>\n<p class=\"Normal1\" style=\"text-align: justify; text-justify: inter-ideograph;\"><span lang=\"UZ-CYR\" style=\"font-size: 14.0pt; line-height: 115%;\">Y es que mencion\u00f3 que la Covid-19 trae consigo una serie de afectaciones a largo plazo posteriores a la enfermedad y que hay que tener en cuenta como, por ejemplo, problemas respiratorios, cardiovasculares, musculo-esquel\u00e9ticos, metab\u00f3licos, fatiga cr\u00f3nica, neurol\u00f3gicos y mentales, pues seguramente, dijo, ser\u00e1n tema de salud p\u00fablica en las siguientes d\u00e9cadas.<\/span><\/p>\n<p class=\"Normal1\" style=\"text-align: justify; text-justify: inter-ideograph;\"><span lang=\"UZ-CYR\" style=\"font-size: 14.0pt; line-height: 115%;\">\u201cSe da fin a la emergencia sanitaria, no a la pandemia, la pandemia contin\u00faa y no debemos de tener miedo porque pandemia se refiere a la presencia de una enfermedad en m\u00e1s de dos continentes como la influencia con la que hemos vivido durante muchos a\u00f1os y as\u00ed viviremos con la pandemia de COVID-19, se declara el fin de la emergencia, cambian las disposiciones a nivel de salud p\u00fablica y la mirada que tenemos de la enfermedad, con ello tambi\u00e9n los desarrollos cient\u00edficos y tecnol\u00f3gicos\u201d, refiri\u00f3 al destacar que es importante que la poblaci\u00f3n contin\u00fae con algunos de los cuidados.<\/span><\/p>\n<p class=\"Normal1\" style=\"text-align: justify; text-justify: inter-ideograph;\"><span lang=\"UZ-CYR\" style=\"font-size: 14.0pt; line-height: 115%;\">De manera general comparti\u00f3 algunas cifras: se registraron mil 221 d\u00edas de emergencia de salud por esta raz\u00f3n, dentro de la cual, en el mundo se acumularon 765 millones de casos confirmados y una estimaci\u00f3n de 20 millones de muertos. En M\u00e9xico, 7.5 millones de casos confirmados y casi 334 mil defunciones; mientras que en Quer\u00e9taro hubieron 188 mil 719 casos conformados y 6 mil 444 muertes.<\/span><\/p>\n<\/div>\n<p><\/p>\n","protected":false},"excerpt":{"rendered":"<p>Por Jahaira Lara Noticias \u00a0 La aplicaci\u00f3n de pruebas para detectar el virus SARS CoV-2, la elaboraci\u00f3n de m\u00e1scaras y batas, as\u00ed como el desarrollo de un prototipo de vacuna contra el virus causante de COVID-19, fueron parte las acciones que impuls\u00f3 la comunidad universitaria para combatir la pandemia desde su inicio; reconoci\u00f3 la rectora [&hellip;]<\/p>\n","protected":false},"author":2,"featured_media":9485,"comment_status":"","ping_status":"","sticky":false,"template":"","format":"standard","meta":{"_monsterinsights_skip_tracking":false,"_monsterinsights_sitenote_active":false,"_monsterinsights_sitenote_note":"","_monsterinsights_sitenote_category":0,"footnotes":""},"categories":[4],"tags":[],"class_list":["post-9484","post","type-post","status-publish","format-standard","has-post-thumbnail","hentry","category-queretaro"],"_links":{"self":[{"href":"https:\/\/informebajio.com.mx\/index.php?rest_route=\/wp\/v2\/posts\/9484","targetHints":{"allow":["GET"]}}],"collection":[{"href":"https:\/\/informebajio.com.mx\/index.php?rest_route=\/wp\/v2\/posts"}],"about":[{"href":"https:\/\/informebajio.com.mx\/index.php?rest_route=\/wp\/v2\/types\/post"}],"author":[{"embeddable":true,"href":"https:\/\/informebajio.com.mx\/index.php?rest_route=\/wp\/v2\/users\/2"}],"replies":[{"embeddable":true,"href":"https:\/\/informebajio.com.mx\/index.php?rest_route=%2Fwp%2Fv2%2Fcomments&post=9484"}],"version-history":[{"count":0,"href":"https:\/\/informebajio.com.mx\/index.php?rest_route=\/wp\/v2\/posts\/9484\/revisions"}],"wp:featuredmedia":[{"embeddable":true,"href":"https:\/\/informebajio.com.mx\/index.php?rest_route=\/wp\/v2\/media\/9485"}],"wp:attachment":[{"href":"https:\/\/informebajio.com.mx\/index.php?rest_route=%2Fwp%2Fv2%2Fmedia&parent=9484"}],"wp:term":[{"taxonomy":"category","embeddable":true,"href":"https:\/\/informebajio.com.mx\/index.php?rest_route=%2Fwp%2Fv2%2Fcategories&post=9484"},{"taxonomy":"post_tag","embeddable":true,"href":"https:\/\/informebajio.com.mx\/index.php?rest_route=%2Fwp%2Fv2%2Ftags&post=9484"}],"curies":[{"name":"wp","href":"https:\/\/api.w.org\/{rel}","templated":true}]}}