{"id":9498,"date":"2023-05-09T12:07:01","date_gmt":"2023-05-09T17:07:01","guid":{"rendered":"https:\/\/informebajio.com.mx\/?p=9498"},"modified":"2023-05-09T12:07:01","modified_gmt":"2023-05-09T17:07:01","slug":"fletes-encarecen-frutas-y-verduras","status":"publish","type":"post","link":"https:\/\/informebajio.com.mx\/?p=9498","title":{"rendered":"Fletes encarecen frutas y verduras"},"content":{"rendered":"<div id=\"content-body-5851641-10028990\">\n<p>El <b><a href=\"https:\/\/www.elsoldesanjuandelrio.com.mx\/local\/familias-resienten-aumento-en-precios-9961129.html\" target=\"_self\" rel=\"Follow noopener\">encarecimiento de algunas frutas y verduras<\/a><\/b> en los diversos comercios del municipio, se debe principalmente a los altos costos que significa trasladar este <b>tipo de mercanc\u00edas desde otros estados del pa\u00eds<\/b>, afirman diversos comerciantes, aunado a que integrantes de organizaciones de transporte se\u00f1alan que es imposible mantener los costos debido a los<b> retos econ\u00f3micos actuales.<\/b><\/p>\n<p><b>El delegado de la Alianza Mexicana de Organizaci\u00f3n de Transportistas A.C., (AMOTAC)<\/b>, en el estado, Gerardo Guti\u00e9rrez Luna, dio a conocer que los aumentos en los costos de las casetas, diesel, llantas, aunado a la inseguridad en la carretera, se ha vuelto un serio dolor de cabeza para los <b>transportistas, <\/b>por lo que han tenido que recurrir al incremento en los precios de fletes este a\u00f1o.<\/p>\n<p>Aunque no precis\u00f3 el costo de <b>cada flete <\/b>debido a que argument\u00f3, que cada uno puede ser variable dependiendo de la distancia, asegur\u00f3 que recientemente se ha incrementado de manera general un 10 por ciento, por lo que no descart\u00f3 que el costo de las frutas y verduras incremente nuevamente en las pr\u00f3ximas semanas.<\/p>\n<p><b><a href=\"https:\/\/www.elsoldesanjuandelrio.com.mx\/local\/aumentan-a-25-pesos-kilogramo-de-tortilla-9984302.html\" target=\"_self\" rel=\"Follow noopener\">Tambi\u00e9n te puede interesar leer: Aumentan a 25 pesos kilogramo de tortilla<\/a><\/b><\/p>\n<p><i>\u201cAunado a eso, hay estados en donde no llovi\u00f3 y desde luego, que por eso mismo hay poca producci\u00f3n y lo poco que hay se vende caro, una cosa lleva a otra, los comerciantes o distribuidores prefieren no comprar y se va generando que el consumidor final sea el m\u00e1s afectado\u201d.<\/i><\/p>\n<p>Apunt\u00f3 que <b>este tipo de aumentos en los fletes ya se ve\u00eda venir, <\/b>pues desde hace dos a\u00f1os en las reuniones internas de los transportistas fue un tema de conversaci\u00f3n, por lo poco rentable que se comenz\u00f3 a tornar la actividad, dado que adem\u00e1s se han puesto varias trabas al sector por parte del gobierno federal, situaci\u00f3n que adem\u00e1s ha provocado afectaci\u00f3n a los camioneros, por lo que han tenido que <b>recurrir al aumento en los viajes.<\/b><\/p>\n<p><b id=\"docs-internal-guid-eaf958ff-7fff-fe01-5272-e6ea85b96a9c\"><b>\u27a1\ufe0f <\/b><a href=\"https:\/\/oem.us16.list-manage.com\/subscribe?u=c04a811ee61dc85305bf7133b&amp;id=f1b85ee5bb\"><b><u>Suscr\u00edbete a nuestro Newsletter y recibe las notas m\u00e1s relevantes en tu correo<\/u><\/b><\/a><\/b><\/p>\n<p><i>\u201cSabemos que dependen de nosotros muchos sectores, pero no podemos tampoco ya estar soportando tantos aumentos, desde el combustible, llantas, aceites, y por si fuera poco los documentos que tenemos que portar por las disposiciones de las autoridades\u201d, concluy\u00f3<\/i>.<\/p>\n<\/div>\n<p><script>(function(d, s, id) {\nvar js, fjs = d.getElementsByTagName(s)[0];\nif (d.getElementById(id)) return;\njs = d.createElement(s); js.id = id;\njs.src = 'https:\/\/connect.facebook.net\/es_LA\/sdk.js#xfbml=1&version=v3.2&appId=232029482016746&autoLogAppEvents=1';\nfjs.parentNode.insertBefore(js, fjs);\n}(document, 'script', 'facebook-jssdk'));\n<\/script><\/p>\n","protected":false},"excerpt":{"rendered":"<p>El encarecimiento de algunas frutas y verduras en los diversos comercios del municipio, se debe principalmente a los altos costos que significa trasladar este tipo de mercanc\u00edas desde otros estados del pa\u00eds, afirman diversos comerciantes, aunado a que integrantes de organizaciones de transporte se\u00f1alan que es imposible mantener los costos debido a los retos econ\u00f3micos [&hellip;]<\/p>\n","protected":false},"author":2,"featured_media":9499,"comment_status":"","ping_status":"","sticky":false,"template":"","format":"standard","meta":{"_monsterinsights_skip_tracking":false,"_monsterinsights_sitenote_active":false,"_monsterinsights_sitenote_note":"","_monsterinsights_sitenote_category":0,"footnotes":""},"categories":[6],"tags":[],"class_list":["post-9498","post","type-post","status-publish","format-standard","has-post-thumbnail","hentry","category-san-juan-del-rio"],"_links":{"self":[{"href":"https:\/\/informebajio.com.mx\/index.php?rest_route=\/wp\/v2\/posts\/9498","targetHints":{"allow":["GET"]}}],"collection":[{"href":"https:\/\/informebajio.com.mx\/index.php?rest_route=\/wp\/v2\/posts"}],"about":[{"href":"https:\/\/informebajio.com.mx\/index.php?rest_route=\/wp\/v2\/types\/post"}],"author":[{"embeddable":true,"href":"https:\/\/informebajio.com.mx\/index.php?rest_route=\/wp\/v2\/users\/2"}],"replies":[{"embeddable":true,"href":"https:\/\/informebajio.com.mx\/index.php?rest_route=%2Fwp%2Fv2%2Fcomments&post=9498"}],"version-history":[{"count":0,"href":"https:\/\/informebajio.com.mx\/index.php?rest_route=\/wp\/v2\/posts\/9498\/revisions"}],"wp:featuredmedia":[{"embeddable":true,"href":"https:\/\/informebajio.com.mx\/index.php?rest_route=\/wp\/v2\/media\/9499"}],"wp:attachment":[{"href":"https:\/\/informebajio.com.mx\/index.php?rest_route=%2Fwp%2Fv2%2Fmedia&parent=9498"}],"wp:term":[{"taxonomy":"category","embeddable":true,"href":"https:\/\/informebajio.com.mx\/index.php?rest_route=%2Fwp%2Fv2%2Fcategories&post=9498"},{"taxonomy":"post_tag","embeddable":true,"href":"https:\/\/informebajio.com.mx\/index.php?rest_route=%2Fwp%2Fv2%2Ftags&post=9498"}],"curies":[{"name":"wp","href":"https:\/\/api.w.org\/{rel}","templated":true}]}}