{"id":9502,"date":"2023-05-09T13:21:44","date_gmt":"2023-05-09T18:21:44","guid":{"rendered":"https:\/\/informebajio.com.mx\/?p=9502"},"modified":"2023-05-09T13:21:44","modified_gmt":"2023-05-09T18:21:44","slug":"llevan-el-programa-vive-en-tu-calle-a-la-pradera","status":"publish","type":"post","link":"https:\/\/informebajio.com.mx\/?p=9502","title":{"rendered":"Llevan el programa Vive en Tu Calle a La Pradera"},"content":{"rendered":"<div>\n<p>Noticias<\/p>\n<p>\u00a0<\/p>\n<p>El municipio de El Marqu\u00e9s, a trav\u00e9s del Instituto Municipal para la Prevenci\u00f3n y Atenci\u00f3n de las Adicciones y Conductas de Riesgo, Centro Vive, llev\u00f3 al fraccionamiento La Pradera, el programa Vive en Tu Calle; alrededor de 300 ciudadanos recibieron gratuitamente atenci\u00f3n psicol\u00f3gica servicios de corte de cabello y actividades recreativas.<\/p>\n<p><!-- Composite Start --><\/p>\n<p><!-- Composite End --><\/p>\n<p>El objetivo de Vive en Tu Calle, es intervenir con estrategias de prevenci\u00f3n y crear redes vecinales para disminuir el consumo de adicciones, por esa raz\u00f3n, se instal\u00f3 en esta ocasi\u00f3n una plantilla de 15 psic\u00f3logos quienes brindaron contenci\u00f3n primaria,\u00a0 para\u00a0 posteriormente dar seguimiento en los consultorios de Centro Vive.<\/p>\n<p>Adem\u00e1s se present\u00f3 la obra de teatro \u201c\u00bfY t\u00fa sabes qu\u00e9 se siente?\u201d, a cargo de la compa\u00f1\u00eda S\u00f3tano Teatro, dirigida a padres de familia, ni\u00f1os y adolescentes para sensibilizar sobre los problemas que se viven en los n\u00facleos familiares.<\/p>\n<p>De igual manera, se ofrecen servicios de cuidado personal como corte de cabello unisex, perfilado de cejas y colocaci\u00f3n de u\u00f1as esculturales, esto con la intenci\u00f3n de evitar la depresi\u00f3n en las mujeres marquesinas.<\/p>\n<p>Cabe se\u00f1alar que los habitantes de La Pradera, solicitaron la intervenci\u00f3n \u00a0al municipio de El Marqu\u00e9s a trav\u00e9s de Centro Vive,\u00a0 para que j\u00f3venes y padres de familia reciban orientaci\u00f3n y puedan atender las conductas de riesgo, as\u00ed como abordar problem\u00e1ticas sociales y crear estrategias de prevenci\u00f3n.<\/p>\n<\/div>\n<p><\/p>\n","protected":false},"excerpt":{"rendered":"<p>Noticias \u00a0 El municipio de El Marqu\u00e9s, a trav\u00e9s del Instituto Municipal para la Prevenci\u00f3n y Atenci\u00f3n de las Adicciones y Conductas de Riesgo, Centro Vive, llev\u00f3 al fraccionamiento La Pradera, el programa Vive en Tu Calle; alrededor de 300 ciudadanos recibieron gratuitamente atenci\u00f3n psicol\u00f3gica servicios de corte de cabello y actividades recreativas. El objetivo [&hellip;]<\/p>\n","protected":false},"author":2,"featured_media":9503,"comment_status":"","ping_status":"","sticky":false,"template":"","format":"standard","meta":{"_monsterinsights_skip_tracking":false,"_monsterinsights_sitenote_active":false,"_monsterinsights_sitenote_note":"","_monsterinsights_sitenote_category":0,"footnotes":""},"categories":[4],"tags":[],"class_list":["post-9502","post","type-post","status-publish","format-standard","has-post-thumbnail","hentry","category-queretaro"],"_links":{"self":[{"href":"https:\/\/informebajio.com.mx\/index.php?rest_route=\/wp\/v2\/posts\/9502","targetHints":{"allow":["GET"]}}],"collection":[{"href":"https:\/\/informebajio.com.mx\/index.php?rest_route=\/wp\/v2\/posts"}],"about":[{"href":"https:\/\/informebajio.com.mx\/index.php?rest_route=\/wp\/v2\/types\/post"}],"author":[{"embeddable":true,"href":"https:\/\/informebajio.com.mx\/index.php?rest_route=\/wp\/v2\/users\/2"}],"replies":[{"embeddable":true,"href":"https:\/\/informebajio.com.mx\/index.php?rest_route=%2Fwp%2Fv2%2Fcomments&post=9502"}],"version-history":[{"count":0,"href":"https:\/\/informebajio.com.mx\/index.php?rest_route=\/wp\/v2\/posts\/9502\/revisions"}],"wp:featuredmedia":[{"embeddable":true,"href":"https:\/\/informebajio.com.mx\/index.php?rest_route=\/wp\/v2\/media\/9503"}],"wp:attachment":[{"href":"https:\/\/informebajio.com.mx\/index.php?rest_route=%2Fwp%2Fv2%2Fmedia&parent=9502"}],"wp:term":[{"taxonomy":"category","embeddable":true,"href":"https:\/\/informebajio.com.mx\/index.php?rest_route=%2Fwp%2Fv2%2Fcategories&post=9502"},{"taxonomy":"post_tag","embeddable":true,"href":"https:\/\/informebajio.com.mx\/index.php?rest_route=%2Fwp%2Fv2%2Ftags&post=9502"}],"curies":[{"name":"wp","href":"https:\/\/api.w.org\/{rel}","templated":true}]}}