{"id":9516,"date":"2023-05-09T18:25:45","date_gmt":"2023-05-09T23:25:45","guid":{"rendered":"https:\/\/informebajio.com.mx\/?p=9516"},"modified":"2023-05-09T18:25:45","modified_gmt":"2023-05-09T23:25:45","slug":"finaliza-labores-en-fosa-clandestina-de-la-cueva-del-diablo-en-nayarit","status":"publish","type":"post","link":"https:\/\/informebajio.com.mx\/?p=9516","title":{"rendered":"Finaliza labores en fosa clandestina de La Cueva del Diablo en Nayarit"},"content":{"rendered":"<div>\n<p>El resultado preliminar del hallazgo fue de \u00abrestos \u00f3seos de tres personas, que a\u00fan se analizan\u00bb.<\/p>\n<p>(La Jornada)<\/p>\n<p>La Fiscal\u00eda General de Nayarit (FGN) dio a conocer que concluyeron los trabajos de procesamiento en la fosa clandestina ubicada en el sitio conocido como La Cueva del Diablo, donde el resultado preliminar del hallazgo fue de \u00abrestos \u00f3seos de tres personas, que a\u00fan se analizan\u00bb por el equipo multidisciplinario especialista en el proceso de identificaci\u00f3n forense.<\/p>\n<p>El pasado 5 de mayo del a\u00f1o en curso, personal pericial y forense de la Fiscal\u00eda estatal reiniciaron las labores t\u00e9cnicas de campo que hab\u00edan sido suspendidas, debido a que las condiciones del lugar representaban un riesgo para las personas que se encontraban realizando las tareas de recuperaci\u00f3n, por el incendio forestal en la misma zona que atac\u00f3 en d\u00edas pasados el Cerro de San Juan, en los l\u00edmites de los municipios de Xalisco y Tepic, capital nayarita.<\/p>\n<p>En un comunicado la FGE detall\u00f3 que los trabajos concluyeron el s\u00e1bado y este lunes se inform\u00f3 de las actividades de recuperaci\u00f3n de los restos.<\/p>\n<div class=\"wp-block-image\">\n<figure class=\"aligncenter size-full\"><img loading=\"lazy\" decoding=\"async\" width=\"745\" height=\"496\" alt=\"\" srcset=\"https:\/\/laroja.com.mx\/wp-content\/uploads\/2023\/05\/image-65.png 745w, https:\/\/laroja.com.mx\/wp-content\/uploads\/2023\/05\/image-65-600x399.png 600w, https:\/\/laroja.com.mx\/wp-content\/uploads\/2023\/05\/image-65-150x100.png 150w\" src=\"https:\/\/laroja.com.mx\/wp-content\/uploads\/2023\/05\/image-65.png\" data-sizes=\"(max-width: 745px) 100vw, 745px\" class=\"wp-image-145914 lazyload\" bad-src=\"data:image\/gif;base64,R0lGODlhAQABAAAAACH5BAEKAAEALAAAAAABAAEAAAICTAEAOw==\"\/><noscript><img loading=\"lazy\" decoding=\"async\" width=\"745\" height=\"496\" src=\"https:\/\/laroja.com.mx\/wp-content\/uploads\/2023\/05\/image-65.png\" alt=\"\" class=\"wp-image-145914\" srcset=\"https:\/\/laroja.com.mx\/wp-content\/uploads\/2023\/05\/image-65.png 745w, https:\/\/laroja.com.mx\/wp-content\/uploads\/2023\/05\/image-65-600x399.png 600w, https:\/\/laroja.com.mx\/wp-content\/uploads\/2023\/05\/image-65-150x100.png 150w\" sizes=\"auto, (max-width: 745px) 100vw, 745px\"\/><\/noscript><figcaption class=\"wp-element-caption\">Foto: Arturo Campos \/ Archivo (La Jornada)<\/figcaption><\/figure>\n<\/div><\/div>\n<p><\/p>\n","protected":false},"excerpt":{"rendered":"<p>El resultado preliminar del hallazgo fue de \u00abrestos \u00f3seos de tres personas, que a\u00fan se analizan\u00bb. (La Jornada) La Fiscal\u00eda General de Nayarit (FGN) dio a conocer que concluyeron los trabajos de procesamiento en la fosa clandestina ubicada en el sitio conocido como La Cueva del Diablo, donde el resultado preliminar del hallazgo fue de [&hellip;]<\/p>\n","protected":false},"author":2,"featured_media":9517,"comment_status":"","ping_status":"","sticky":false,"template":"","format":"standard","meta":{"_monsterinsights_skip_tracking":false,"_monsterinsights_sitenote_active":false,"_monsterinsights_sitenote_note":"","_monsterinsights_sitenote_category":0,"footnotes":""},"categories":[5],"tags":[],"class_list":["post-9516","post","type-post","status-publish","format-standard","has-post-thumbnail","hentry","category-san-luis-potosi"],"_links":{"self":[{"href":"https:\/\/informebajio.com.mx\/index.php?rest_route=\/wp\/v2\/posts\/9516","targetHints":{"allow":["GET"]}}],"collection":[{"href":"https:\/\/informebajio.com.mx\/index.php?rest_route=\/wp\/v2\/posts"}],"about":[{"href":"https:\/\/informebajio.com.mx\/index.php?rest_route=\/wp\/v2\/types\/post"}],"author":[{"embeddable":true,"href":"https:\/\/informebajio.com.mx\/index.php?rest_route=\/wp\/v2\/users\/2"}],"replies":[{"embeddable":true,"href":"https:\/\/informebajio.com.mx\/index.php?rest_route=%2Fwp%2Fv2%2Fcomments&post=9516"}],"version-history":[{"count":0,"href":"https:\/\/informebajio.com.mx\/index.php?rest_route=\/wp\/v2\/posts\/9516\/revisions"}],"wp:featuredmedia":[{"embeddable":true,"href":"https:\/\/informebajio.com.mx\/index.php?rest_route=\/wp\/v2\/media\/9517"}],"wp:attachment":[{"href":"https:\/\/informebajio.com.mx\/index.php?rest_route=%2Fwp%2Fv2%2Fmedia&parent=9516"}],"wp:term":[{"taxonomy":"category","embeddable":true,"href":"https:\/\/informebajio.com.mx\/index.php?rest_route=%2Fwp%2Fv2%2Fcategories&post=9516"},{"taxonomy":"post_tag","embeddable":true,"href":"https:\/\/informebajio.com.mx\/index.php?rest_route=%2Fwp%2Fv2%2Ftags&post=9516"}],"curies":[{"name":"wp","href":"https:\/\/api.w.org\/{rel}","templated":true}]}}