{"id":9532,"date":"2023-05-10T00:13:38","date_gmt":"2023-05-10T05:13:38","guid":{"rendered":"https:\/\/informebajio.com.mx\/?p=9532"},"modified":"2023-05-10T00:13:38","modified_gmt":"2023-05-10T05:13:38","slug":"inicia-sedif-registro-de-interesados-en-adoptar","status":"publish","type":"post","link":"https:\/\/informebajio.com.mx\/?p=9532","title":{"rendered":"Inicia SEDIF registro de interesados en adoptar"},"content":{"rendered":"<div id=\"content-body-5851641-10031222\">\n<p><b>El Sistema Estatal DIF<\/b> a trav\u00e9s de la Procuradur\u00eda Estatal de Protecci\u00f3n de Ni\u00f1as, Ni\u00f1os y Adolescentes (NNA), abri\u00f3 el procedimiento de<b> entrega de fichas especiales de <a href=\"https:\/\/www.diariodequeretaro.com.mx\/local\/aceptan-el-37-de-las-solicitudes-de-adopcion-9172244.html\" target=\"_self\" rel=\"Follow noopener\">adopci\u00f3n<\/a> de manera electr\u00f3nica<\/b>, \u00fanicamente el pr\u00f3ximo <b>viernes 19 de mayo 2023.<\/b><\/p>\n<p>Lo anterior, con el fin de continuar <b>restituyendo los derechos de las y los ni\u00f1os a tener una familia.<\/b><\/p>\n<p>El procurador Estatal de Protecci\u00f3n de NNA, <b>Manuel Hern\u00e1ndez Rodr\u00edgue<\/b>z, inform\u00f3 que este registro ser\u00e1 para los <b>residentes de Quer\u00e9taro<\/b> y estar\u00e1 enfocado <b>para ni\u00f1as y ni\u00f1os mayores de cinco a\u00f1os, grupos de hermanos y NNA con alguna discapacidad<\/b>. <\/p>\n<p><b>La convocatoria<\/b> se dar\u00e1 a conocer en las <b>redes sociales del DIF Estatal<\/b> y el siguiente link <b>estar\u00e1 disponible<\/b> s\u00f3lo el d\u00eda mencionado <b>de 8:00 a 17:00 horas<\/b>: <a href=\"https:\/\/docs.google.com\/forms\/d\/e\/1FAIpQLSeV2YyHWBVKDGGieZtvXz0RIHXcUPz2Z4qH6DJD-2ygT2FO9w\/closedform\" target=\"_self\" rel=\"Follow noopener\"><b>https:\/\/n9.cl\/adopciones23<\/b><\/a><\/p>\n<p>Los <b>interesados deber\u00e1n llenar un cuestionario confidencial<\/b> de f\u00e1cil acceso que contendr\u00e1 sus datos personales como nombre de los solicitantes, edad, domicilio, correo electr\u00f3nico, n\u00famero de contacto, expectativa de edad y sexo de los infantes, adem\u00e1s deber\u00e1n agregar un <b>archivo con su identificaci\u00f3n oficial actualizada y comprobante de residencia en la entidad.<\/b><\/p>\n<p><b>Para el caso de parejas<\/b>, ambos deber\u00e1n registrarse en el mismo formato ya establecido en la p\u00e1gina web; posteriormente, personal adscrito a la coordinaci\u00f3n de adopciones se pondr\u00e1 en contacto con ellos a fin de darle continuidad al tr\u00e1mite y que puedan <b>asistir a un curso de inducci\u00f3n y pl\u00e1tica informativa.<\/b> Para mayor informaci\u00f3n pueden comunicarse a los tel\u00e9fonos<b> 4422152480 y 4422155952.<\/b><\/p>\n<p><b>\u27a1\ufe0f <\/b><a href=\"https:\/\/api.whatsapp.com\/message\/X5NQBME4JB5VG1?autoload=1&amp;app_absent=0\"><b>Si quieres recibir las noticias en tu Whatsapp, env\u00eda la palabra ALTA<\/b><\/a><\/p>\n<\/div>\n<p><script>(function(d, s, id) {\nvar js, fjs = d.getElementsByTagName(s)[0];\nif (d.getElementById(id)) return;\njs = d.createElement(s); js.id = id;\njs.src = 'https:\/\/connect.facebook.net\/es_LA\/sdk.js#xfbml=1&version=v3.2&appId=232029482016746&autoLogAppEvents=1';\nfjs.parentNode.insertBefore(js, fjs);\n}(document, 'script', 'facebook-jssdk'));\n<\/script><\/p>\n","protected":false},"excerpt":{"rendered":"<p>El Sistema Estatal DIF a trav\u00e9s de la Procuradur\u00eda Estatal de Protecci\u00f3n de Ni\u00f1as, Ni\u00f1os y Adolescentes (NNA), abri\u00f3 el procedimiento de entrega de fichas especiales de adopci\u00f3n de manera electr\u00f3nica, \u00fanicamente el pr\u00f3ximo viernes 19 de mayo 2023. Lo anterior, con el fin de continuar restituyendo los derechos de las y los ni\u00f1os a [&hellip;]<\/p>\n","protected":false},"author":2,"featured_media":9533,"comment_status":"","ping_status":"","sticky":false,"template":"","format":"standard","meta":{"_monsterinsights_skip_tracking":false,"_monsterinsights_sitenote_active":false,"_monsterinsights_sitenote_note":"","_monsterinsights_sitenote_category":0,"footnotes":""},"categories":[6],"tags":[],"class_list":["post-9532","post","type-post","status-publish","format-standard","has-post-thumbnail","hentry","category-san-juan-del-rio"],"_links":{"self":[{"href":"https:\/\/informebajio.com.mx\/index.php?rest_route=\/wp\/v2\/posts\/9532","targetHints":{"allow":["GET"]}}],"collection":[{"href":"https:\/\/informebajio.com.mx\/index.php?rest_route=\/wp\/v2\/posts"}],"about":[{"href":"https:\/\/informebajio.com.mx\/index.php?rest_route=\/wp\/v2\/types\/post"}],"author":[{"embeddable":true,"href":"https:\/\/informebajio.com.mx\/index.php?rest_route=\/wp\/v2\/users\/2"}],"replies":[{"embeddable":true,"href":"https:\/\/informebajio.com.mx\/index.php?rest_route=%2Fwp%2Fv2%2Fcomments&post=9532"}],"version-history":[{"count":0,"href":"https:\/\/informebajio.com.mx\/index.php?rest_route=\/wp\/v2\/posts\/9532\/revisions"}],"wp:featuredmedia":[{"embeddable":true,"href":"https:\/\/informebajio.com.mx\/index.php?rest_route=\/wp\/v2\/media\/9533"}],"wp:attachment":[{"href":"https:\/\/informebajio.com.mx\/index.php?rest_route=%2Fwp%2Fv2%2Fmedia&parent=9532"}],"wp:term":[{"taxonomy":"category","embeddable":true,"href":"https:\/\/informebajio.com.mx\/index.php?rest_route=%2Fwp%2Fv2%2Fcategories&post=9532"},{"taxonomy":"post_tag","embeddable":true,"href":"https:\/\/informebajio.com.mx\/index.php?rest_route=%2Fwp%2Fv2%2Ftags&post=9532"}],"curies":[{"name":"wp","href":"https:\/\/api.w.org\/{rel}","templated":true}]}}