{"id":9546,"date":"2023-05-10T06:15:23","date_gmt":"2023-05-10T11:15:23","guid":{"rendered":"https:\/\/informebajio.com.mx\/?p=9546"},"modified":"2023-05-10T06:15:23","modified_gmt":"2023-05-10T11:15:23","slug":"apretados-morena-y-pan-en-san-juan-del-rio-guillermo-vega","status":"publish","type":"post","link":"https:\/\/informebajio.com.mx\/?p=9546","title":{"rendered":"\u201cApretados\u201d Morena y PAN en San Juan del R\u00edo: Guillermo Vega"},"content":{"rendered":"<div id=\"content-body-5851641-10019674\">\n<p>El <b>escenario electoral de San Juan del R\u00edo<\/b> se encuentra \u201capretado\u201d entre <b>Acci\u00f3n Nacional (PAN) y Movimiento Regeneraci\u00f3n Nacional (Morena),<\/b> reconoci\u00f3 <b>Guillermo Vega Guerrero<\/b>, diputado del X distrito local, quien descart\u00f3 que vaya a buscar la <b><a rel=\"Follow noopener\" target=\"_self\" href=\"https:\/\/www.diariodequeretaro.com.mx\/local\/diputados-del-pri-lideran-destapes-9751527.html\">alcald\u00eda de San Juan del R\u00edo<\/a> o la reelecci\u00f3n.<\/b><\/p>\n<p>Vega Guerrero consider\u00f3 que<b> Acci\u00f3n Nacional <\/b>debe trabajar para que haya responsabilidad, seriedad, generosidad y acuerdos en las mesas pol\u00edticas, de cara al arranque del <b>proceso electoral 2023-2024.<\/b><\/p>\n<p>\u201cLa realidad es que yo estoy muy<b> enfocado en San Juan del R\u00edo<\/b>, creo yo que tenemos que trabajar muy duro para que San Juan de R\u00edo se mantenga en manos de<b> Acci\u00f3n Nacional<\/b>, entonces uno de mis temas importantes es coadyuvar, no necesariamente encabezando, por supuesto, ni como candidato alcalde ni como candidato a diputado, sino tenemos que ayudar mucho en<b> San Juan del R\u00edo\u201d<\/b>, indic\u00f3.<\/p>\n<p>El legislador mencion\u00f3 que, actualmente, est\u00e1 enfocado en <b>fortalecer al municipio<\/b> y consider\u00f3 que la demarcaci\u00f3n requiere atenci\u00f3n inmediata del partido, puesto que las cifras, m\u00e1s all\u00e1 de una ventaja, generan desventaja para el partido.<\/p>\n<p><i>\u201cRequiere y demanda hoy la atenci\u00f3n inmediata del partido, hay cifras que se\u00f1alan que ah\u00ed se ha ido apretando de alguna manera el escenario electoral entre el PAN y Morena, y es algo que no vamos a tapar con un dedo, y negarlo, ni nos da ventaja, al contrario, nos dan desventaja\u201d, a\u00f1adi\u00f3.<\/i><\/p>\n<p>Vega Guerrero coment\u00f3 que <b>Acci\u00f3n Nacional ha gobernado desde hace nueve a\u00f1os San Juan del R\u00edo<\/b>, un municipio donde, dijo, hist\u00f3ricamente ha habido alternancia, y aprovech\u00f3 para externar su respaldo al alcalde panista Roberto Cabrera.<\/p>\n<p><i>\u201cHay componentes muy claros de que cada elecci\u00f3n hay que cuidarla, hoy tiene mi respaldo el alcalde Roberto Cabrera y seguiremos haciendo equipo con \u00e9l, pero sin duda viene una elecci\u00f3n complicada, compleja, y ah\u00ed tenemos muchos el llamado a fortalecer el trabajo pol\u00edtico de Acci\u00f3n Nacional en San Juan de R\u00edo y en el estado, por supuesto, desde la Legislatura para seguir haciendo equipo\u201d,<\/i> enfatiz\u00f3.<\/p>\n<p>Cuestionado sobre si hay otros municipios que preocupan al partido, dijo no tener informaci\u00f3n al respecto, aunque destac\u00f3 que, contrario a San Juan del R\u00edo,<b> el municipio de Corregidora es uno de los \u201cfuertes\u201d para Acci\u00f3n Nacional<\/b> (PAN).<\/p>\n<p><i>\u201cCreo que en Quer\u00e9taro tiene una ventaja importante el PAN, pero sin duda hay que apretar el paso, entonces estamos entrando ya a este periodo donde tenemos que hacer estudios de opini\u00f3n, encuestas y no confiarnos, porque la confianza mata\u201d<\/i>, puntualiz\u00f3.<\/p>\n<p><b>\u27a1\ufe0f <\/b><a href=\"https:\/\/api.whatsapp.com\/message\/X5NQBME4JB5VG1?autoload=1&amp;app_absent=0\"><b><u>Si quieres recibir las noticias en tu Whatsapp, env\u00eda la palabra ALTA<\/u><\/b><\/a><\/p>\n<\/div>\n<p><script>(function(d, s, id) {\nvar js, fjs = d.getElementsByTagName(s)[0];\nif (d.getElementById(id)) return;\njs = d.createElement(s); js.id = id;\njs.src = 'https:\/\/connect.facebook.net\/es_LA\/sdk.js#xfbml=1&version=v3.2&appId=232029482016746&autoLogAppEvents=1';\nfjs.parentNode.insertBefore(js, fjs);\n}(document, 'script', 'facebook-jssdk'));\n<\/script><\/p>\n","protected":false},"excerpt":{"rendered":"<p>El escenario electoral de San Juan del R\u00edo se encuentra \u201capretado\u201d entre Acci\u00f3n Nacional (PAN) y Movimiento Regeneraci\u00f3n Nacional (Morena), reconoci\u00f3 Guillermo Vega Guerrero, diputado del X distrito local, quien descart\u00f3 que vaya a buscar la alcald\u00eda de San Juan del R\u00edo o la reelecci\u00f3n. Vega Guerrero consider\u00f3 que Acci\u00f3n Nacional debe trabajar para que [&hellip;]<\/p>\n","protected":false},"author":2,"featured_media":9547,"comment_status":"","ping_status":"","sticky":false,"template":"","format":"standard","meta":{"_monsterinsights_skip_tracking":false,"_monsterinsights_sitenote_active":false,"_monsterinsights_sitenote_note":"","_monsterinsights_sitenote_category":0,"footnotes":""},"categories":[6],"tags":[],"class_list":["post-9546","post","type-post","status-publish","format-standard","has-post-thumbnail","hentry","category-san-juan-del-rio"],"_links":{"self":[{"href":"https:\/\/informebajio.com.mx\/index.php?rest_route=\/wp\/v2\/posts\/9546","targetHints":{"allow":["GET"]}}],"collection":[{"href":"https:\/\/informebajio.com.mx\/index.php?rest_route=\/wp\/v2\/posts"}],"about":[{"href":"https:\/\/informebajio.com.mx\/index.php?rest_route=\/wp\/v2\/types\/post"}],"author":[{"embeddable":true,"href":"https:\/\/informebajio.com.mx\/index.php?rest_route=\/wp\/v2\/users\/2"}],"replies":[{"embeddable":true,"href":"https:\/\/informebajio.com.mx\/index.php?rest_route=%2Fwp%2Fv2%2Fcomments&post=9546"}],"version-history":[{"count":0,"href":"https:\/\/informebajio.com.mx\/index.php?rest_route=\/wp\/v2\/posts\/9546\/revisions"}],"wp:featuredmedia":[{"embeddable":true,"href":"https:\/\/informebajio.com.mx\/index.php?rest_route=\/wp\/v2\/media\/9547"}],"wp:attachment":[{"href":"https:\/\/informebajio.com.mx\/index.php?rest_route=%2Fwp%2Fv2%2Fmedia&parent=9546"}],"wp:term":[{"taxonomy":"category","embeddable":true,"href":"https:\/\/informebajio.com.mx\/index.php?rest_route=%2Fwp%2Fv2%2Fcategories&post=9546"},{"taxonomy":"post_tag","embeddable":true,"href":"https:\/\/informebajio.com.mx\/index.php?rest_route=%2Fwp%2Fv2%2Ftags&post=9546"}],"curies":[{"name":"wp","href":"https:\/\/api.w.org\/{rel}","templated":true}]}}