{"id":9558,"date":"2023-05-10T09:32:13","date_gmt":"2023-05-10T14:32:13","guid":{"rendered":"https:\/\/informebajio.com.mx\/?p=9558"},"modified":"2023-05-10T09:32:13","modified_gmt":"2023-05-10T14:32:13","slug":"confirman-9-muertos-tras-accidente-en-autopista-jala-compostela","status":"publish","type":"post","link":"https:\/\/informebajio.com.mx\/?p=9558","title":{"rendered":"Confirman 9 muertos tras accidente en autopista Jala-Compostela"},"content":{"rendered":"<div>\n<p>El tractocami\u00f3n se volc\u00f3 ayer en el kil\u00f3metro 42 de la autopista Jala-Compostela.<\/p>\n<p>(La Jornada)<\/p>\n<p>Tepic, Nay.\u00a0La Fiscal\u00eda General de Nayarit (FGN) dio a conocer que cinco adultos y cuatro menores de edad, todos ya identificados, perecieron la madrugada del lunes a consecuencia de la volcadura de un tractocami\u00f3n en la autopista Jala-Compostela.<\/p>\n<p>En la caja viajaban aproximadamente 25 personas procedentes de Puebla con rumbo hacia Puerto Vallarta, Jalisco; la unidad transportaba flores que ser\u00edan utilizadas para la venta del festejo del D\u00eda de las Madres.<\/p>\n<p>En un comunicado el organismo inform\u00f3 que el hecho de tr\u00e1nsito ocurri\u00f3 a la 01:30 de la madrugada del lunes en el kil\u00f3metro 52 de la autopista de cuota Jala-Compostela.<\/p>\n<div class=\"wp-block-image\">\n<figure class=\"aligncenter size-full\"><img loading=\"lazy\" decoding=\"async\" width=\"720\" height=\"542\" alt=\"\" srcset=\"https:\/\/laroja.com.mx\/wp-content\/uploads\/2023\/05\/image-71.png 720w, https:\/\/laroja.com.mx\/wp-content\/uploads\/2023\/05\/image-71-600x452.png 600w, https:\/\/laroja.com.mx\/wp-content\/uploads\/2023\/05\/image-71-150x113.png 150w\" src=\"https:\/\/laroja.com.mx\/wp-content\/uploads\/2023\/05\/image-71.png\" data-sizes=\"(max-width: 720px) 100vw, 720px\" class=\"wp-image-145933 lazyload\" bad-src=\"data:image\/gif;base64,R0lGODlhAQABAAAAACH5BAEKAAEALAAAAAABAAEAAAICTAEAOw==\"\/><noscript><img loading=\"lazy\" decoding=\"async\" width=\"720\" height=\"542\" src=\"https:\/\/laroja.com.mx\/wp-content\/uploads\/2023\/05\/image-71.png\" alt=\"\" class=\"wp-image-145933\" srcset=\"https:\/\/laroja.com.mx\/wp-content\/uploads\/2023\/05\/image-71.png 720w, https:\/\/laroja.com.mx\/wp-content\/uploads\/2023\/05\/image-71-600x452.png 600w, https:\/\/laroja.com.mx\/wp-content\/uploads\/2023\/05\/image-71-150x113.png 150w\" sizes=\"auto, (max-width: 720px) 100vw, 720px\"\/><\/noscript><figcaption class=\"wp-element-caption\">Foto: Protecci\u00f3n Civil local (La Jornada)<\/figcaption><\/figure>\n<\/div><\/div>\n<p><\/p>\n","protected":false},"excerpt":{"rendered":"<p>El tractocami\u00f3n se volc\u00f3 ayer en el kil\u00f3metro 42 de la autopista Jala-Compostela. (La Jornada) Tepic, Nay.\u00a0La Fiscal\u00eda General de Nayarit (FGN) dio a conocer que cinco adultos y cuatro menores de edad, todos ya identificados, perecieron la madrugada del lunes a consecuencia de la volcadura de un tractocami\u00f3n en la autopista Jala-Compostela. En la [&hellip;]<\/p>\n","protected":false},"author":2,"featured_media":9559,"comment_status":"","ping_status":"","sticky":false,"template":"","format":"standard","meta":{"_monsterinsights_skip_tracking":false,"_monsterinsights_sitenote_active":false,"_monsterinsights_sitenote_note":"","_monsterinsights_sitenote_category":0,"footnotes":""},"categories":[5],"tags":[],"class_list":["post-9558","post","type-post","status-publish","format-standard","has-post-thumbnail","hentry","category-san-luis-potosi"],"_links":{"self":[{"href":"https:\/\/informebajio.com.mx\/index.php?rest_route=\/wp\/v2\/posts\/9558","targetHints":{"allow":["GET"]}}],"collection":[{"href":"https:\/\/informebajio.com.mx\/index.php?rest_route=\/wp\/v2\/posts"}],"about":[{"href":"https:\/\/informebajio.com.mx\/index.php?rest_route=\/wp\/v2\/types\/post"}],"author":[{"embeddable":true,"href":"https:\/\/informebajio.com.mx\/index.php?rest_route=\/wp\/v2\/users\/2"}],"replies":[{"embeddable":true,"href":"https:\/\/informebajio.com.mx\/index.php?rest_route=%2Fwp%2Fv2%2Fcomments&post=9558"}],"version-history":[{"count":0,"href":"https:\/\/informebajio.com.mx\/index.php?rest_route=\/wp\/v2\/posts\/9558\/revisions"}],"wp:featuredmedia":[{"embeddable":true,"href":"https:\/\/informebajio.com.mx\/index.php?rest_route=\/wp\/v2\/media\/9559"}],"wp:attachment":[{"href":"https:\/\/informebajio.com.mx\/index.php?rest_route=%2Fwp%2Fv2%2Fmedia&parent=9558"}],"wp:term":[{"taxonomy":"category","embeddable":true,"href":"https:\/\/informebajio.com.mx\/index.php?rest_route=%2Fwp%2Fv2%2Fcategories&post=9558"},{"taxonomy":"post_tag","embeddable":true,"href":"https:\/\/informebajio.com.mx\/index.php?rest_route=%2Fwp%2Fv2%2Ftags&post=9558"}],"curies":[{"name":"wp","href":"https:\/\/api.w.org\/{rel}","templated":true}]}}