{"id":9568,"date":"2023-05-10T12:20:00","date_gmt":"2023-05-10T17:20:00","guid":{"rendered":"https:\/\/informebajio.com.mx\/?p=9568"},"modified":"2023-05-10T12:20:00","modified_gmt":"2023-05-10T17:20:00","slug":"precio-de-la-papa-no-baja","status":"publish","type":"post","link":"https:\/\/informebajio.com.mx\/?p=9568","title":{"rendered":"Precio de la papa no baja"},"content":{"rendered":"<div id=\"content-body-5851641-10034925\">\n<p>En continuo aumento se ha mostrado el <b>precio del kilogramo de la papa<\/b> en el municipio de <b>San Juan del R\u00edo<\/b>, derivado del encarecimiento que ha tenido el tub\u00e9rculo en los estados <b><a rel=\"Follow noopener\" target=\"_self\" href=\"https:\/\/www.elsoldesanjuandelrio.com.mx\/local\/adios-al-elotito-cesaveq-atiende-plagas-en-plantas-de-maiz-9948793.html\">productores del pa\u00eds.<\/a><\/b><\/p>\n<p>Lo anterior lo dio a conocer el comerciante de<b> frutas y verduras del mercado Reforma,<\/b> Jos\u00e9 Agust\u00edn Ruiz Paredes, quien asegur\u00f3 que desde enero varios productos comenzaron a tener varias alzas, muchos de ellos estabiliz\u00e1ndose en marzo y abril, aunque no fue as\u00ed con la papa, pues entre <b>16 y 17 pesos<\/b> oscilaba su costo en promedio y <b>actualmente es de 30 pesos.<\/b><\/p>\n<p><i>\u201c<b>La papa sigue muy cara, est\u00e1 a 30 pesos el kilogramo<\/b>, bueno ya ven\u00eda incrementado su precio desde hace varias semanas, 16, 20, 22 y ahorita que ya est\u00e1 en 30 pesos, lamentablemente hoy d\u00eda ya no hay frutas o verduras menos de 10 pesos, es normal que en a\u00f1os como estos suba por la sequ\u00eda, hay estados donde no hay producci\u00f3n y que eran de siempre producir, <b>pero lo \u00fanico caro ahorita que no quiere bajar es la papa\u201d.<\/b><\/i><\/p>\n<p>Asegur\u00f3 que este producto es b\u00e1sico en la cocinas de las amas de casa al igual que en los negocios de botanas, ya que en estos \u00faltimos <b>no pueden faltar las papas de hojuela o a la francesa<\/b>, situaci\u00f3n que ahora consider\u00f3, estar\u00e1n limitados por el costo que actualmente tiene. <\/p>\n<p>El comerciante dijo que en Semana Santa otros productos m\u00e1s<b> aumentaron su precio<\/b>, sin embargo, de manera inmediata se regularon como fue el lim\u00f3n, el aguacate, la cebolla, as\u00ed como el <b>mango, el mel\u00f3n y otra fruta m\u00e1s, cosa que no sucede con la papa por que no disminuye su costo.<\/b><\/p>\n<p><b id=\"docs-internal-guid-f032e3a3-7fff-c2d4-40ba-d81b5dfc2e3b\"><b>\u27a1\ufe0f <\/b><a href=\"https:\/\/oem.us16.list-manage.com\/subscribe?u=c04a811ee61dc85305bf7133b&amp;id=f1b85ee5bb\"><b><u>Suscr\u00edbete a nuestro Newsletter y recibe las notas m\u00e1s relevantes en tu correo<\/u><\/b><\/a><\/b><\/p>\n<p>\u201cEsperemos que en cuanto empiece la \u00e9poca de lluvias, baje su precio, es un producto que se utiliza mucho en la cocina y nosotros qu\u00e9 m\u00e1s quisi\u00e9ramos darlo a menor costo pero lo mismo es para nosotros, la conseguimos cara y aunque poca pero la traemos a los consumidores\u201d.<\/p>\n<\/div>\n<p><script>(function(d, s, id) {\nvar js, fjs = d.getElementsByTagName(s)[0];\nif (d.getElementById(id)) return;\njs = d.createElement(s); js.id = id;\njs.src = 'https:\/\/connect.facebook.net\/es_LA\/sdk.js#xfbml=1&version=v3.2&appId=232029482016746&autoLogAppEvents=1';\nfjs.parentNode.insertBefore(js, fjs);\n}(document, 'script', 'facebook-jssdk'));\n<\/script><\/p>\n","protected":false},"excerpt":{"rendered":"<p>En continuo aumento se ha mostrado el precio del kilogramo de la papa en el municipio de San Juan del R\u00edo, derivado del encarecimiento que ha tenido el tub\u00e9rculo en los estados productores del pa\u00eds. Lo anterior lo dio a conocer el comerciante de frutas y verduras del mercado Reforma, Jos\u00e9 Agust\u00edn Ruiz Paredes, quien [&hellip;]<\/p>\n","protected":false},"author":2,"featured_media":9569,"comment_status":"","ping_status":"","sticky":false,"template":"","format":"standard","meta":{"_monsterinsights_skip_tracking":false,"_monsterinsights_sitenote_active":false,"_monsterinsights_sitenote_note":"","_monsterinsights_sitenote_category":0,"footnotes":""},"categories":[6],"tags":[],"class_list":["post-9568","post","type-post","status-publish","format-standard","has-post-thumbnail","hentry","category-san-juan-del-rio"],"_links":{"self":[{"href":"https:\/\/informebajio.com.mx\/index.php?rest_route=\/wp\/v2\/posts\/9568","targetHints":{"allow":["GET"]}}],"collection":[{"href":"https:\/\/informebajio.com.mx\/index.php?rest_route=\/wp\/v2\/posts"}],"about":[{"href":"https:\/\/informebajio.com.mx\/index.php?rest_route=\/wp\/v2\/types\/post"}],"author":[{"embeddable":true,"href":"https:\/\/informebajio.com.mx\/index.php?rest_route=\/wp\/v2\/users\/2"}],"replies":[{"embeddable":true,"href":"https:\/\/informebajio.com.mx\/index.php?rest_route=%2Fwp%2Fv2%2Fcomments&post=9568"}],"version-history":[{"count":0,"href":"https:\/\/informebajio.com.mx\/index.php?rest_route=\/wp\/v2\/posts\/9568\/revisions"}],"wp:featuredmedia":[{"embeddable":true,"href":"https:\/\/informebajio.com.mx\/index.php?rest_route=\/wp\/v2\/media\/9569"}],"wp:attachment":[{"href":"https:\/\/informebajio.com.mx\/index.php?rest_route=%2Fwp%2Fv2%2Fmedia&parent=9568"}],"wp:term":[{"taxonomy":"category","embeddable":true,"href":"https:\/\/informebajio.com.mx\/index.php?rest_route=%2Fwp%2Fv2%2Fcategories&post=9568"},{"taxonomy":"post_tag","embeddable":true,"href":"https:\/\/informebajio.com.mx\/index.php?rest_route=%2Fwp%2Fv2%2Ftags&post=9568"}],"curies":[{"name":"wp","href":"https:\/\/api.w.org\/{rel}","templated":true}]}}