{"id":9580,"date":"2023-05-10T14:45:17","date_gmt":"2023-05-10T19:45:17","guid":{"rendered":"https:\/\/informebajio.com.mx\/?p=9580"},"modified":"2023-05-10T14:45:17","modified_gmt":"2023-05-10T19:45:17","slug":"ventas-irregulares-para-productores-del-festival-michoacan-de-origen","status":"publish","type":"post","link":"https:\/\/informebajio.com.mx\/?p=9580","title":{"rendered":"Ventas irregulares para productores del Festival Michoac\u00e1n de Origen"},"content":{"rendered":"<div id=\"content-body-225-10040687\">\n<p>Morelia, Michoac\u00e1n (OEM-Infomex).-Los <b>comerciantes<\/b> y <b>emprendedores<\/b> que participan en el Pabell\u00f3n de Productores dentro del Festival Michoac\u00e1n de Origen (FMO), <b>lamentan el ritmo de pausado de la venta de sus productos<\/b>.<\/p>\n<p>El \u00e1rea comercial tiene una participaci\u00f3n de <b>160 productores en diferentes ramas<\/b>, uno de ellos es <b>Roberto Legaria<\/b>, director de <b>Chiles Kuarapu<\/b>, el cual refiri\u00f3 en entrevista que<b> la afluencia de la gente ha sido muy fluctuante<\/b>, pues <b>entre semana hay poca<\/b>, mientras que en <b>los fines de semana pueden ver mucha<\/b>, aunque <b>eso no necesariamente se traduce en mucha venta<\/b>. <\/p>\n<p>&#8220;El poder adquisitivo de la gente no es el mismo, andan un poco bajos, creo que <b>para el 10 de mayo mucha gente se est\u00e1 guardando lo que tenga para festejar a las mam\u00e1s<\/b>&#8220;. El 2022 fue diferente para \u00e9l, &#8220;un 400 por ciento mejor&#8221;. <\/p>\n<p>En el espacio comercial est\u00e1 <b>Leticia Calder\u00f3n Rodr\u00edguez<\/b>, directora de <b>Mijoyumi,<\/b> una empresa donde se elabora <b>cocada artesanal que ofrece desde el 5 de mayo<\/b>. En su caso, mencion\u00f3 que <b>&#8220;viernes, s\u00e1bado y domingo estuvo con mucha gente<\/b>; nada m\u00e1s el d\u00eda de ayer (lunes) estuvo solito, pero en los otros d\u00edas el producto se estuvo vendiendo&#8221;. <\/p>\n<p>En el caso de las<b> piezas de artesan\u00eda utilitaria tambi\u00e9n hay venta<\/b>, pero a un <b>ritmo irregular<\/b>, seg\u00fan mencion\u00f3<b> Gabriel Anda Leal<\/b>, quien es parte de una empresa llamada<b> Arte Jafet<\/b>, asentada en <b>Capula<\/b>. El joven cont\u00f3 entonces que &#8220;<b>los primeros dos d\u00edas estuvo bien<\/b>, el domingo s\u00ed baj\u00f3 la venta y el lunes estuvo mejor, este martes ha estado tranquilo&#8221;. <\/p>\n<p>En t\u00e9rminos similares, expres\u00f3 <b>Ulises S\u00e1nchez Ochoa<\/b>, <b>productor y comercializador de quesos elaborados en la regi\u00f3n de Tepalcatepec<\/b>, el cual mencion\u00f3 que &#8220;no nos podemos quejar, <b>ha estado manejable el movimiento<\/b>, con <b>d\u00edas buenos y malos<\/b>&#8220;. Coincidi\u00f3 con los otros empresarios en se\u00f1alar que <b>la bonanza ha estado en los fines de semana<\/b>. <\/p>\n<p>En el caso de los promotores de <b>bebidas alcoh\u00f3licas<\/b>, como la cerveza artesanal, hay un <b>dejo de desencanto<\/b>, pues de acuerdo a Edgar Mercado, &#8220;es la primera vez que participo y no puedo hablar mucho respecto al a\u00f1o pasado pero seg\u00fan comentarios de varios comentarios de compa\u00f1eros que estuvieron en 2022, el de ahora s\u00ed dista mucho de lo que fue el pasado&#8221;. <\/p>\n<p>El promotor mencion\u00f3 que las reglas del FMO permiten una venta para &#8220;consumo moderado de degustaciones para que el ciudadano prueben y sepan que llevar; sin embargo una de las ideas que queremos sumar<b> para la pr\u00f3xima edici\u00f3n es que haya un \u00e1rea de maridaje junto a las cocineras tradicionales<\/b>, un lugar donde se permita el consumo, junto con alimentos, de una cerveza o mezcal&#8221;.<\/p>\n<\/div>\n<p><script>(function(d, s, id) {\nvar js, fjs = d.getElementsByTagName(s)[0];\nif (d.getElementById(id)) return;\njs = d.createElement(s); js.id = id;\njs.src = 'https:\/\/connect.facebook.net\/es_LA\/sdk.js#xfbml=1&version=v3.2&appId=2304818722879035&autoLogAppEvents=1';\nfjs.parentNode.insertBefore(js, fjs);\n}(document, 'script', 'facebook-jssdk'));\n<\/script><\/p>\n","protected":false},"excerpt":{"rendered":"<p>Morelia, Michoac\u00e1n (OEM-Infomex).-Los comerciantes y emprendedores que participan en el Pabell\u00f3n de Productores dentro del Festival Michoac\u00e1n de Origen (FMO), lamentan el ritmo de pausado de la venta de sus productos. El \u00e1rea comercial tiene una participaci\u00f3n de 160 productores en diferentes ramas, uno de ellos es Roberto Legaria, director de Chiles Kuarapu, el cual [&hellip;]<\/p>\n","protected":false},"author":2,"featured_media":9581,"comment_status":"","ping_status":"","sticky":false,"template":"","format":"standard","meta":{"_monsterinsights_skip_tracking":false,"_monsterinsights_sitenote_active":false,"_monsterinsights_sitenote_note":"","_monsterinsights_sitenote_category":0,"footnotes":""},"categories":[7],"tags":[],"class_list":["post-9580","post","type-post","status-publish","format-standard","has-post-thumbnail","hentry","category-michoacan"],"_links":{"self":[{"href":"https:\/\/informebajio.com.mx\/index.php?rest_route=\/wp\/v2\/posts\/9580","targetHints":{"allow":["GET"]}}],"collection":[{"href":"https:\/\/informebajio.com.mx\/index.php?rest_route=\/wp\/v2\/posts"}],"about":[{"href":"https:\/\/informebajio.com.mx\/index.php?rest_route=\/wp\/v2\/types\/post"}],"author":[{"embeddable":true,"href":"https:\/\/informebajio.com.mx\/index.php?rest_route=\/wp\/v2\/users\/2"}],"replies":[{"embeddable":true,"href":"https:\/\/informebajio.com.mx\/index.php?rest_route=%2Fwp%2Fv2%2Fcomments&post=9580"}],"version-history":[{"count":0,"href":"https:\/\/informebajio.com.mx\/index.php?rest_route=\/wp\/v2\/posts\/9580\/revisions"}],"wp:featuredmedia":[{"embeddable":true,"href":"https:\/\/informebajio.com.mx\/index.php?rest_route=\/wp\/v2\/media\/9581"}],"wp:attachment":[{"href":"https:\/\/informebajio.com.mx\/index.php?rest_route=%2Fwp%2Fv2%2Fmedia&parent=9580"}],"wp:term":[{"taxonomy":"category","embeddable":true,"href":"https:\/\/informebajio.com.mx\/index.php?rest_route=%2Fwp%2Fv2%2Fcategories&post=9580"},{"taxonomy":"post_tag","embeddable":true,"href":"https:\/\/informebajio.com.mx\/index.php?rest_route=%2Fwp%2Fv2%2Ftags&post=9580"}],"curies":[{"name":"wp","href":"https:\/\/api.w.org\/{rel}","templated":true}]}}