{"id":9618,"date":"2023-05-11T00:35:26","date_gmt":"2023-05-11T05:35:26","guid":{"rendered":"https:\/\/informebajio.com.mx\/?p=9618"},"modified":"2023-05-11T00:35:26","modified_gmt":"2023-05-11T05:35:26","slug":"definen-fecha-para-cabalgata-de-la-amistad","status":"publish","type":"post","link":"https:\/\/informebajio.com.mx\/?p=9618","title":{"rendered":"Definen fecha para Cabalgata de la Amistad"},"content":{"rendered":"<div id=\"content-body-5851641-10025990\">\n<p>El pr\u00f3ximo 15 de junio se realizar\u00e1 la tradicional <b>Cabalgata de la Amistad en<a rel=\"Follow noopener\" target=\"_self\" href=\"https:\/\/www.elsoldesanjuandelrio.com.mx\/local\/avizoran-repunte-de-turismo-extremo-8457126.html\"> San Juan del R\u00edo<\/a><\/b>, esto dentro de los <b>festejos del 492 aniversario<\/b> de la fundaci\u00f3n de este municipio, por lo que se espera una participaci\u00f3n alta de personas provenientes de distintos estados de la rep\u00fablica, dio a conocer el titular de la Secretar\u00eda de Desarrollo Agropecuario en la demarcaci\u00f3n<b>, Roberto Jim\u00e9nez Salinas. <\/b><\/p>\n<p>Indic\u00f3 que la invitaci\u00f3n para participar en este importante evento de la feria ya se lanz\u00f3 a distintas agrupaciones, con el prop\u00f3sito de que puedan sumarse a esta actividad <b>tradicional de las tierras sanjuanenses<\/b>. A\u00f1adi\u00f3 que la \u00fanica condici\u00f3n para participar en la <b>Cabalgata de la Amistad<\/b> es que no lleven bebidas alcoh\u00f3licas en la mano mientras se lleva a cabo el recorrido. <\/p>\n<p>Record\u00f3 que en la edici\u00f3n del a\u00f1o pasado fue hist\u00f3rica, pues participaron cerca de 3 mil jinetes provenientes de las distintas zonas de la demarcaci\u00f3n, as\u00ed como municipios y estados vecinos. <b>En ese sentido, dijo que para este 2023 se espera superar la cifra de participantes. <\/b><\/p>\n<p><i>\u201cLo \u00fanico que estamos pidiendo, igual que el a\u00f1o pasado, como una exigencia, es que no traigan bebidas alcoh\u00f3licas en la mano, pero ya est\u00e1 preparada (\u2026). Es una invitaci\u00f3n a todos los jinetes que tengan un caballo (para que) puedan participar en la Cabalgata de la Amistad (\u2026). El a\u00f1o pasado estuvimos llegando cerca de 3 mil jinetes, por lo cual esperamos superarla. La verdad fue impresionante el a\u00f1o pasado y el d\u00eda de hoy esperamos que esto sea mejor\u201d,<\/i> coment\u00f3. <\/p>\n<p>Refiri\u00f3 que para los preparativos ya se han sostenido reuniones con organizadores de <b>cabalgatas locales y regionales,<\/b> a fin de alistar todos los detalles y que esta actividad tradicional se lleve a cabo sin ning\u00fan contratiempo, en un ambiente familiar y festivo por las celebraciones de la <b>feria San Juan del R\u00edo 2023. <\/b><\/p>\n<p>A\u00f1adi\u00f3 que dentro de la Cabalgata de la Amistad habr\u00e1 contingentes de otros estados de la rep\u00fablica, entre ellos <b>jinetes de Coroneo, Guanajuato; as\u00ed como asociaciones de Quer\u00e9taro y demarcaciones aleda\u00f1as.<\/b> <\/p>\n<p><i>\u201cYa nos sentamos con algunos organizadores de cabalgatas locales, de cabalgatas regionales. Vienen algunos contingentes de otros estados de la rep\u00fablica, lo cual es importante. Bueno, vienen Conspiradores de Quer\u00e9taro, hay una ruta que se llama Fray Jun\u00edpero Serra que organizan tambi\u00e9n a caballo, entonces, ellos tambi\u00e9n est\u00e1n dispuestos a venir y algunos cabalgantes de Coroneo, Guanajuato\u201d,<\/i> apunt\u00f3.<\/p>\n<p><b id=\"docs-internal-guid-574f3c51-7fff-13a5-7b10-750183f9360e\"><b>\u27a1\ufe0f <\/b><a href=\"https:\/\/oem.us16.list-manage.com\/subscribe?u=c04a811ee61dc85305bf7133b&amp;id=f1b85ee5bb\"><b><u>Suscr\u00edbete a nuestro Newsletter y recibe las notas m\u00e1s relevantes en tu correo<\/u><\/b><\/a><\/b><\/p>\n<p>Finalmente, la <b>Cabalgata de la Amistad <\/b>es una de las actividades m\u00e1s importantes que se realiza durante los d\u00edas de feria para celebrar un aniversario m\u00e1s de la fundaci\u00f3n del municipio. Tradicionalmente, sale del Puente de la Historia y llega hasta el centro de la ciudad, recorriendo el antiguo Camino Real de Tierra Adentro. <\/p>\n<\/div>\n<p><script>(function(d, s, id) {\nvar js, fjs = d.getElementsByTagName(s)[0];\nif (d.getElementById(id)) return;\njs = d.createElement(s); js.id = id;\njs.src = 'https:\/\/connect.facebook.net\/es_LA\/sdk.js#xfbml=1&version=v3.2&appId=232029482016746&autoLogAppEvents=1';\nfjs.parentNode.insertBefore(js, fjs);\n}(document, 'script', 'facebook-jssdk'));\n<\/script><\/p>\n","protected":false},"excerpt":{"rendered":"<p>El pr\u00f3ximo 15 de junio se realizar\u00e1 la tradicional Cabalgata de la Amistad en San Juan del R\u00edo, esto dentro de los festejos del 492 aniversario de la fundaci\u00f3n de este municipio, por lo que se espera una participaci\u00f3n alta de personas provenientes de distintos estados de la rep\u00fablica, dio a conocer el titular de [&hellip;]<\/p>\n","protected":false},"author":2,"featured_media":9619,"comment_status":"","ping_status":"","sticky":false,"template":"","format":"standard","meta":{"_monsterinsights_skip_tracking":false,"_monsterinsights_sitenote_active":false,"_monsterinsights_sitenote_note":"","_monsterinsights_sitenote_category":0,"footnotes":""},"categories":[6],"tags":[],"class_list":["post-9618","post","type-post","status-publish","format-standard","has-post-thumbnail","hentry","category-san-juan-del-rio"],"_links":{"self":[{"href":"https:\/\/informebajio.com.mx\/index.php?rest_route=\/wp\/v2\/posts\/9618","targetHints":{"allow":["GET"]}}],"collection":[{"href":"https:\/\/informebajio.com.mx\/index.php?rest_route=\/wp\/v2\/posts"}],"about":[{"href":"https:\/\/informebajio.com.mx\/index.php?rest_route=\/wp\/v2\/types\/post"}],"author":[{"embeddable":true,"href":"https:\/\/informebajio.com.mx\/index.php?rest_route=\/wp\/v2\/users\/2"}],"replies":[{"embeddable":true,"href":"https:\/\/informebajio.com.mx\/index.php?rest_route=%2Fwp%2Fv2%2Fcomments&post=9618"}],"version-history":[{"count":0,"href":"https:\/\/informebajio.com.mx\/index.php?rest_route=\/wp\/v2\/posts\/9618\/revisions"}],"wp:featuredmedia":[{"embeddable":true,"href":"https:\/\/informebajio.com.mx\/index.php?rest_route=\/wp\/v2\/media\/9619"}],"wp:attachment":[{"href":"https:\/\/informebajio.com.mx\/index.php?rest_route=%2Fwp%2Fv2%2Fmedia&parent=9618"}],"wp:term":[{"taxonomy":"category","embeddable":true,"href":"https:\/\/informebajio.com.mx\/index.php?rest_route=%2Fwp%2Fv2%2Fcategories&post=9618"},{"taxonomy":"post_tag","embeddable":true,"href":"https:\/\/informebajio.com.mx\/index.php?rest_route=%2Fwp%2Fv2%2Ftags&post=9618"}],"curies":[{"name":"wp","href":"https:\/\/api.w.org\/{rel}","templated":true}]}}