{"id":9622,"date":"2023-05-11T00:42:55","date_gmt":"2023-05-11T05:42:55","guid":{"rendered":"https:\/\/informebajio.com.mx\/?p=9622"},"modified":"2023-05-11T00:42:55","modified_gmt":"2023-05-11T05:42:55","slug":"develan-placa-con-el-nombre-del-empresario-rafael-herrera-fernandez","status":"publish","type":"post","link":"https:\/\/informebajio.com.mx\/?p=9622","title":{"rendered":"Develan placa con el nombre del empresario Rafael Herrera Fern\u00e1ndez"},"content":{"rendered":"<div>\n<p>Por Aracely Tovar<\/p>\n<p>Noticias<\/p>\n<p>\u00a0<\/p>\n<p><!-- Composite Start --><\/p>\n<p><!-- Composite End --><\/p>\n<p>En reconocimiento a la labor realizada para que la movilidad de pasajeros en M\u00e9xico evolucionara hacia un servicio digno, confortable y seguro, se llev\u00f3 a cabo la develaci\u00f3n de la placa conmemorativa del nuevo nombre de la Terminal de Autobuses de Quer\u00e9taro, que se llamar\u00e1 \u201cTerminal de Autobuses Rafael Herrera Fern\u00e1ndez\u201d.<\/p>\n<p>El evento, llevado a cabo en las inmediaciones del Edificio \u201cA\u201d de la Terminal de Autobuses, cont\u00f3 con la presencia del Director General de la Agencia de Movilidad del Estado de Quer\u00e9taro, Gerardo Cuanalo Santos, del presidente municipal de Quer\u00e9taro, Luis Bernardo Nava Guerrero, as\u00ed como del propio Rafael Herrera Fern\u00e1ndez, director general del Grupo Flecha Amarilla y consejero vitalicio de la C\u00e1mara Nacional de Autotransporte de Pasaje y Turismo (CANAPAT).<\/p>\n<p>Durante su discurso, Cuanalo Santos, reconoci\u00f3 la visi\u00f3n, liderazgo y dedicaci\u00f3n de Don Rafael Herrera, un hombre que ha dedicado gran parte de su vida al Autotransporte de Pasaje y Turismo y que siempre tuvo muy claro que mejorar la seguridad y elevar los est\u00e1ndares de servicio de los pasajeros llevar\u00eda a la entidad a convertirse en un referente log\u00edstico a nivel nacional.<\/p>\n<p>La Terminal de Autobuses de Quer\u00e9taro fue inaugurada un 7 de noviembre de 1994, durante el gobierno de Enrique Burgos Garc\u00eda y en su momento fue considerada como una de las m\u00e1s grandes y modernas del pa\u00eds al contar con las mejores tecnolog\u00edas a nivel internacional.<\/p>\n<p><img loading=\"lazy\" decoding=\"async\" class=\"alignnone wp-image-598550 size-full\" src=\"https:\/\/cdn.noticiasdequeretaro.com.mx\/wp-content\/uploads\/2023\/05\/10065958\/Renombran-a-la-Terminal-de-Autobuses-3.jpg\" alt=\"\" width=\"715\" height=\"1024\" srcset=\"https:\/\/cdn.noticiasdequeretaro.com.mx\/wp-content\/uploads\/2023\/05\/10065958\/Renombran-a-la-Terminal-de-Autobuses-3.jpg 715w, https:\/\/cdn.noticiasdequeretaro.com.mx\/wp-content\/uploads\/2023\/05\/10065958\/Renombran-a-la-Terminal-de-Autobuses-3-419x600.jpg 419w, https:\/\/cdn.noticiasdequeretaro.com.mx\/wp-content\/uploads\/2023\/05\/10065958\/Renombran-a-la-Terminal-de-Autobuses-3-209x300.jpg 209w\" sizes=\"auto, (max-width: 715px) 100vw, 715px\"\/><\/p>\n<\/div>\n<p><\/p>\n","protected":false},"excerpt":{"rendered":"<p>Por Aracely Tovar Noticias \u00a0 En reconocimiento a la labor realizada para que la movilidad de pasajeros en M\u00e9xico evolucionara hacia un servicio digno, confortable y seguro, se llev\u00f3 a cabo la develaci\u00f3n de la placa conmemorativa del nuevo nombre de la Terminal de Autobuses de Quer\u00e9taro, que se llamar\u00e1 \u201cTerminal de Autobuses Rafael Herrera [&hellip;]<\/p>\n","protected":false},"author":2,"featured_media":9623,"comment_status":"","ping_status":"","sticky":false,"template":"","format":"standard","meta":{"_monsterinsights_skip_tracking":false,"_monsterinsights_sitenote_active":false,"_monsterinsights_sitenote_note":"","_monsterinsights_sitenote_category":0,"footnotes":""},"categories":[4],"tags":[],"class_list":["post-9622","post","type-post","status-publish","format-standard","has-post-thumbnail","hentry","category-queretaro"],"_links":{"self":[{"href":"https:\/\/informebajio.com.mx\/index.php?rest_route=\/wp\/v2\/posts\/9622","targetHints":{"allow":["GET"]}}],"collection":[{"href":"https:\/\/informebajio.com.mx\/index.php?rest_route=\/wp\/v2\/posts"}],"about":[{"href":"https:\/\/informebajio.com.mx\/index.php?rest_route=\/wp\/v2\/types\/post"}],"author":[{"embeddable":true,"href":"https:\/\/informebajio.com.mx\/index.php?rest_route=\/wp\/v2\/users\/2"}],"replies":[{"embeddable":true,"href":"https:\/\/informebajio.com.mx\/index.php?rest_route=%2Fwp%2Fv2%2Fcomments&post=9622"}],"version-history":[{"count":0,"href":"https:\/\/informebajio.com.mx\/index.php?rest_route=\/wp\/v2\/posts\/9622\/revisions"}],"wp:featuredmedia":[{"embeddable":true,"href":"https:\/\/informebajio.com.mx\/index.php?rest_route=\/wp\/v2\/media\/9623"}],"wp:attachment":[{"href":"https:\/\/informebajio.com.mx\/index.php?rest_route=%2Fwp%2Fv2%2Fmedia&parent=9622"}],"wp:term":[{"taxonomy":"category","embeddable":true,"href":"https:\/\/informebajio.com.mx\/index.php?rest_route=%2Fwp%2Fv2%2Fcategories&post=9622"},{"taxonomy":"post_tag","embeddable":true,"href":"https:\/\/informebajio.com.mx\/index.php?rest_route=%2Fwp%2Fv2%2Ftags&post=9622"}],"curies":[{"name":"wp","href":"https:\/\/api.w.org\/{rel}","templated":true}]}}