{"id":9638,"date":"2023-05-11T05:51:33","date_gmt":"2023-05-11T10:51:33","guid":{"rendered":"https:\/\/informebajio.com.mx\/?p=9638"},"modified":"2023-05-11T05:51:33","modified_gmt":"2023-05-11T10:51:33","slug":"declaratoria-de-pena-colorada-no-es-expropiatoria-conanp","status":"publish","type":"post","link":"https:\/\/informebajio.com.mx\/?p=9638","title":{"rendered":"Declaratoria de Pe\u00f1a Colorada no es expropiatoria: CONANP"},"content":{"rendered":"<div>\n<p>Javier Hern\u00e1ndez<\/p>\n<p>Noticias<\/p>\n<p>\u00a0<\/p>\n<p><!-- Composite Start --><\/p>\n<p><!-- Composite End --><\/p>\n<p>El titular de la Comisi\u00f3n Nacional de \u00c1reas Naturales Protegidas (CONANP), Ad\u00e1n Pe\u00f1a Fuentes, aclar\u00f3 que la declaratoria de Pe\u00f1a Colorada como \u00e1rea natural protegida no implica una expropiaci\u00f3n de tierras a los ejidatarios, quienes seguir\u00e1n siendo los due\u00f1os de la tierra.<\/p>\n<p>\u201cNo es un decreto de expropiaci\u00f3n, ellos siguen siendo due\u00f1os de su tierra y seguir\u00e1n si\u00e9ndolo siempre, soy un m\u00e1ximo convencido que la tierra no se vende, se defiende y es de ellos, no es expropiatorio, segundo el uso de suelo, ellos siguen siendo due\u00f1os y pueden seguir aprovechando la tierra, los usos agr\u00edcolas se pueden seguir desarrollando, adem\u00e1s de los usos de turismo se pueden y el aprovechamiento que ya tienen de esa tierra lo pueden seguir haciendo\u201d.<\/p>\n<p>Pe\u00f1a Fuentes destac\u00f3 que desde el inicio del proceso, que se llev\u00f3 a cabo durante los \u00faltimos dos a\u00f1os, se tuvo en cuenta no s\u00f3lo el objeto de conservaci\u00f3n, sino tambi\u00e9n la importancia de la zona, ya que recarga el manto acu\u00edfero que abastece a la zona metropolitana de Quer\u00e9taro, donde se genera agua para m\u00e1s de un mill\u00f3n de personas.<\/p>\n<p>El funcionario federal explic\u00f3 que se realiz\u00f3 una valoraci\u00f3n t\u00e9cnica e hidrol\u00f3gica de la zona, considerando los servicios ambientales que ofrece. Adem\u00e1s, se respetaron los programas de desarrollo urbano establecidos a nivel municipal y estatal, y los ejidatarios podr\u00e1n acceder a recursos federales para fomentar la protecci\u00f3n ambiental de la zona.<\/p>\n<p>Asimismo, enfatiz\u00f3 que los ejidatarios podr\u00e1n seguir aprovechando la tierra a trav\u00e9s de usos agr\u00edcolas y tur\u00edsticos, pero se les prohibir\u00e1 realizar grandes desarrollos inmobiliarios que consuman agua o realizar miner\u00eda extractiva.<\/p>\n<p>El titular de CONANP record\u00f3 que Pe\u00f1a Colorada es un \u00e1rea natural protegida clave para el abastecimiento de los mantos acu\u00edferos de la zona metropolitana de Quer\u00e9taro, incluyendo las cuentas del Valle de Quer\u00e9taro, Valle de Amazcala y Valle de Buenavista.<\/p>\n<\/div>\n<p><\/p>\n","protected":false},"excerpt":{"rendered":"<p>Javier Hern\u00e1ndez Noticias \u00a0 El titular de la Comisi\u00f3n Nacional de \u00c1reas Naturales Protegidas (CONANP), Ad\u00e1n Pe\u00f1a Fuentes, aclar\u00f3 que la declaratoria de Pe\u00f1a Colorada como \u00e1rea natural protegida no implica una expropiaci\u00f3n de tierras a los ejidatarios, quienes seguir\u00e1n siendo los due\u00f1os de la tierra. \u201cNo es un decreto de expropiaci\u00f3n, ellos siguen siendo [&hellip;]<\/p>\n","protected":false},"author":2,"featured_media":9639,"comment_status":"","ping_status":"","sticky":false,"template":"","format":"standard","meta":{"_monsterinsights_skip_tracking":false,"_monsterinsights_sitenote_active":false,"_monsterinsights_sitenote_note":"","_monsterinsights_sitenote_category":0,"footnotes":""},"categories":[4],"tags":[],"class_list":["post-9638","post","type-post","status-publish","format-standard","has-post-thumbnail","hentry","category-queretaro"],"_links":{"self":[{"href":"https:\/\/informebajio.com.mx\/index.php?rest_route=\/wp\/v2\/posts\/9638","targetHints":{"allow":["GET"]}}],"collection":[{"href":"https:\/\/informebajio.com.mx\/index.php?rest_route=\/wp\/v2\/posts"}],"about":[{"href":"https:\/\/informebajio.com.mx\/index.php?rest_route=\/wp\/v2\/types\/post"}],"author":[{"embeddable":true,"href":"https:\/\/informebajio.com.mx\/index.php?rest_route=\/wp\/v2\/users\/2"}],"replies":[{"embeddable":true,"href":"https:\/\/informebajio.com.mx\/index.php?rest_route=%2Fwp%2Fv2%2Fcomments&post=9638"}],"version-history":[{"count":0,"href":"https:\/\/informebajio.com.mx\/index.php?rest_route=\/wp\/v2\/posts\/9638\/revisions"}],"wp:featuredmedia":[{"embeddable":true,"href":"https:\/\/informebajio.com.mx\/index.php?rest_route=\/wp\/v2\/media\/9639"}],"wp:attachment":[{"href":"https:\/\/informebajio.com.mx\/index.php?rest_route=%2Fwp%2Fv2%2Fmedia&parent=9638"}],"wp:term":[{"taxonomy":"category","embeddable":true,"href":"https:\/\/informebajio.com.mx\/index.php?rest_route=%2Fwp%2Fv2%2Fcategories&post=9638"},{"taxonomy":"post_tag","embeddable":true,"href":"https:\/\/informebajio.com.mx\/index.php?rest_route=%2Fwp%2Fv2%2Ftags&post=9638"}],"curies":[{"name":"wp","href":"https:\/\/api.w.org\/{rel}","templated":true}]}}