{"id":9642,"date":"2023-05-11T06:36:28","date_gmt":"2023-05-11T11:36:28","guid":{"rendered":"https:\/\/informebajio.com.mx\/?p=9642"},"modified":"2023-05-11T06:36:28","modified_gmt":"2023-05-11T11:36:28","slug":"morenistas-apuestan-por-la-capacitacion","status":"publish","type":"post","link":"https:\/\/informebajio.com.mx\/?p=9642","title":{"rendered":"Morenistas apuestan por la capacitaci\u00f3n"},"content":{"rendered":"<div id=\"content-body-5851641-10034295\">\n<p><b>Militantes del partido del Movimiento de Regeneraci\u00f3n Nacional <a rel=\"Follow noopener\" target=\"_self\" href=\"https:\/\/www.elsoldesanjuandelrio.com.mx\/local\/morenistas-salen-a-la-calle-a-afiliar-9735702.html\">(Morena),<\/a> de San Juan del R\u00edo<\/b>, participaron en un curso de capacitaci\u00f3n para identificar las <b>problem\u00e1ticas que afectan a la ciudadan\u00eda en el municipio.<\/b><\/p>\n<p>De acuerdo a la dirigente de instituto pol\u00edtico en el estado, <b>Rufina Ben\u00edtez Estrada, <\/b>fueron m\u00e1s de cien militantes y p\u00fablico en general no solo del municipio sanjuanense, sino de ocho localidades, los que participaron en esta primera capacitaci\u00f3n del a\u00f1o organizada por la<b> Secretar\u00eda de Formaci\u00f3n y Capacitaci\u00f3n Pol\u00edtica.<\/b><\/p>\n<p>El taller denominado \u201c<b>Educaci\u00f3n popular: herramientas para una incidencia democr\u00e1tica efectiva\u201d<\/b>, cont\u00f3 con 130 militantes y ciudadanos, de los cuales alrededor de <b>30 de ellos eran de San Juan del R\u00edo.<\/b><\/p>\n<p>En este sentido, afirm\u00f3 que el partido <b>continuar\u00e1 con la capacitaci\u00f3n para identificar cu\u00e1l es la problem\u00e1tica que afecta a la poblaci\u00f3n de Quer\u00e9taro y sus municipios<\/b> \u201cintegrarnos con nuestros compa\u00f1eros y compa\u00f1eras de la Sierra y los municipios, entender su entorno y c\u00f3mo podemos transformar para bien a trav\u00e9s de la capacitaci\u00f3n\u201d.<\/p>\n<p>Como parte de estas actividades, se desarrollaron mesas de an\u00e1lisis e intercambio de ideas, abordando temas como los movimientos sociales en el pa\u00eds, partidos pol\u00edticos, organizaciones sociales y sindicalismo.<\/p>\n<p><b id=\"docs-internal-guid-3b955679-7fff-a44f-8dfe-5fb92a868dd1\"><b>\u27a1\ufe0f <\/b><a href=\"https:\/\/oem.us16.list-manage.com\/subscribe?u=c04a811ee61dc85305bf7133b&amp;id=f1b85ee5bb\"><b><u>Suscr\u00edbete a nuestro Newsletter y recibe las notas m\u00e1s relevantes en tu correo<\/u><\/b><\/a><\/b><\/p>\n<p>Esta primera capacitaci\u00f3n forma parte del programa anual de actividades que recientemente present\u00f3 la secretar\u00eda de <b>Formaci\u00f3n y Capacitaci\u00f3n del organismo<\/b>, la cual consta de 10 actividades en lo que resta del a\u00f1o y que se llevar\u00e1 a cabo en diferentes municipios, para que la poblaci\u00f3n queretana cuente con la oportunidad de capacitarse.<\/p>\n<\/div>\n<p><script>(function(d, s, id) {\nvar js, fjs = d.getElementsByTagName(s)[0];\nif (d.getElementById(id)) return;\njs = d.createElement(s); js.id = id;\njs.src = 'https:\/\/connect.facebook.net\/es_LA\/sdk.js#xfbml=1&version=v3.2&appId=232029482016746&autoLogAppEvents=1';\nfjs.parentNode.insertBefore(js, fjs);\n}(document, 'script', 'facebook-jssdk'));\n<\/script><\/p>\n","protected":false},"excerpt":{"rendered":"<p>Militantes del partido del Movimiento de Regeneraci\u00f3n Nacional (Morena), de San Juan del R\u00edo, participaron en un curso de capacitaci\u00f3n para identificar las problem\u00e1ticas que afectan a la ciudadan\u00eda en el municipio. De acuerdo a la dirigente de instituto pol\u00edtico en el estado, Rufina Ben\u00edtez Estrada, fueron m\u00e1s de cien militantes y p\u00fablico en general [&hellip;]<\/p>\n","protected":false},"author":2,"featured_media":9643,"comment_status":"","ping_status":"","sticky":false,"template":"","format":"standard","meta":{"_monsterinsights_skip_tracking":false,"_monsterinsights_sitenote_active":false,"_monsterinsights_sitenote_note":"","_monsterinsights_sitenote_category":0,"footnotes":""},"categories":[6],"tags":[],"class_list":["post-9642","post","type-post","status-publish","format-standard","has-post-thumbnail","hentry","category-san-juan-del-rio"],"_links":{"self":[{"href":"https:\/\/informebajio.com.mx\/index.php?rest_route=\/wp\/v2\/posts\/9642","targetHints":{"allow":["GET"]}}],"collection":[{"href":"https:\/\/informebajio.com.mx\/index.php?rest_route=\/wp\/v2\/posts"}],"about":[{"href":"https:\/\/informebajio.com.mx\/index.php?rest_route=\/wp\/v2\/types\/post"}],"author":[{"embeddable":true,"href":"https:\/\/informebajio.com.mx\/index.php?rest_route=\/wp\/v2\/users\/2"}],"replies":[{"embeddable":true,"href":"https:\/\/informebajio.com.mx\/index.php?rest_route=%2Fwp%2Fv2%2Fcomments&post=9642"}],"version-history":[{"count":0,"href":"https:\/\/informebajio.com.mx\/index.php?rest_route=\/wp\/v2\/posts\/9642\/revisions"}],"wp:featuredmedia":[{"embeddable":true,"href":"https:\/\/informebajio.com.mx\/index.php?rest_route=\/wp\/v2\/media\/9643"}],"wp:attachment":[{"href":"https:\/\/informebajio.com.mx\/index.php?rest_route=%2Fwp%2Fv2%2Fmedia&parent=9642"}],"wp:term":[{"taxonomy":"category","embeddable":true,"href":"https:\/\/informebajio.com.mx\/index.php?rest_route=%2Fwp%2Fv2%2Fcategories&post=9642"},{"taxonomy":"post_tag","embeddable":true,"href":"https:\/\/informebajio.com.mx\/index.php?rest_route=%2Fwp%2Fv2%2Ftags&post=9642"}],"curies":[{"name":"wp","href":"https:\/\/api.w.org\/{rel}","templated":true}]}}