{"id":9650,"date":"2023-05-11T10:57:57","date_gmt":"2023-05-11T15:57:57","guid":{"rendered":"https:\/\/informebajio.com.mx\/?p=9650"},"modified":"2023-05-11T10:57:57","modified_gmt":"2023-05-11T15:57:57","slug":"se-realizaran-mesas-de-trabajo-y-se-buscara-fortalecer-el-presupuesto-de-las-instituciones-para-la-busqueda-de-personas-desaparecidas-en-la-entidad","status":"publish","type":"post","link":"https:\/\/informebajio.com.mx\/?p=9650","title":{"rendered":"SE REALIZAR\u00c1N MESAS DE TRABAJO Y SE BUSCAR\u00c1 FORTALECER EL PRESUPUESTO DE LAS INSTITUCIONES PARA LA B\u00daSQUEDA DE PERSONAS DESAPARECIDAS EN LA ENTIDAD"},"content":{"rendered":"<div>\n<p><strong>DIP. JOS\u00c9 LUIS FERN\u00c1NDEZ Y DIP. EMMA IDALIA SALDA\u00d1A RECIBIERON A INTEGRANTES DE LA ASOCIACI\u00d3N CIVIL, \u201cVOZ Y DIGNIDAD POR LOS NUESTROS SLP\u201d<\/strong><\/p>\n<p>El Congreso del Estado a trav\u00e9s de la presidenta de la Comisi\u00f3n de Igualdad de G\u00e9nero, diputada Emma Idalia Salda\u00f1a Guerrero y el presidente de la Comisi\u00f3n de Gobernaci\u00f3n, diputado Jos\u00e9 Luis Fern\u00e1ndez Mart\u00ednez, atendieron a integrantes de la Asociaci\u00f3n Civil, \u201cVoz y Dignidad por los Nuestros SLP\u201d, y se comprometieron a establecer mesas de trabajo y a fortalecer en un futuro inmediato el presupuesto de las instituciones vinculadas a la b\u00fasqueda de personas desaparecidas en la entidad.<\/p>\n<p>Las y los integrantes de esta organizaci\u00f3n civil, acudieron a la sede del Congreso del Estado de Vallejo #200, para demandar la intervenci\u00f3n de las y los diputados en el fortalecimiento de leyes e instituciones dedicadas a la b\u00fasqueda de personas desaparecidas. Adem\u00e1s pidieron el apoyo para que se contribuya a la sensibilizaci\u00f3n de este tema que lastima a familias potosinas en las cuatro zonas del Estado.<\/p>\n<p>La presidenta de la Asociaci\u00f3n Civil \u201cVoz y Dignidad por los Nuestros SLP\u201d, Edith P\u00e9rez Rodr\u00edguez, entreg\u00f3 en la Oficial\u00eda de Partes del Congreso del Estado, un pliego petitorio dirigido a las y los integrantes de la LXIII Legislatura, donde se plantea que; \u201cMe dirijo a ustedes en representaci\u00f3n de todas las victimas indirectas y madres buscadoras que forman parte de nuestro colectivo\u201d.<\/p>\n<p>Solicitamos la creaci\u00f3n de mesas de trabajo, foros y conversatorios centrados en el cambio, modificaci\u00f3n y armonizaci\u00f3n de leyes relacionadas con la b\u00fasqueda de personas desaparecidas.<\/p>\n<figure class=\"wp-block-image size-full\"><img loading=\"lazy\" decoding=\"async\" width=\"936\" height=\"648\" alt=\"\" srcset=\"https:\/\/laroja.com.mx\/wp-content\/uploads\/2023\/05\/5636EECC-BC2F-45D0-A9DE-DF5635B63F73.jpeg 936w, https:\/\/laroja.com.mx\/wp-content\/uploads\/2023\/05\/5636EECC-BC2F-45D0-A9DE-DF5635B63F73-600x415.jpeg 600w, https:\/\/laroja.com.mx\/wp-content\/uploads\/2023\/05\/5636EECC-BC2F-45D0-A9DE-DF5635B63F73-150x104.jpeg 150w\" src=\"https:\/\/laroja.com.mx\/wp-content\/uploads\/2023\/05\/5636EECC-BC2F-45D0-A9DE-DF5635B63F73.jpeg\" data-sizes=\"(max-width: 936px) 100vw, 936px\" class=\"wp-image-146043 lazyload\" bad-src=\"data:image\/gif;base64,R0lGODlhAQABAAAAACH5BAEKAAEALAAAAAABAAEAAAICTAEAOw==\"\/><noscript><img loading=\"lazy\" decoding=\"async\" width=\"936\" height=\"648\" src=\"https:\/\/laroja.com.mx\/wp-content\/uploads\/2023\/05\/5636EECC-BC2F-45D0-A9DE-DF5635B63F73.jpeg\" alt=\"\" class=\"wp-image-146043\" srcset=\"https:\/\/laroja.com.mx\/wp-content\/uploads\/2023\/05\/5636EECC-BC2F-45D0-A9DE-DF5635B63F73.jpeg 936w, https:\/\/laroja.com.mx\/wp-content\/uploads\/2023\/05\/5636EECC-BC2F-45D0-A9DE-DF5635B63F73-600x415.jpeg 600w, https:\/\/laroja.com.mx\/wp-content\/uploads\/2023\/05\/5636EECC-BC2F-45D0-A9DE-DF5635B63F73-150x104.jpeg 150w\" sizes=\"auto, (max-width: 936px) 100vw, 936px\"\/><\/noscript><\/figure>\n<p>De igual forma, instamos a que se considere la asignaci\u00f3n de un presupuesto adecuado para fortalecer tanto a las instituciones como al personal y al equipo operativo implicado en las labores de b\u00fasqueda dentro del Estado, Creemos firmemente que estas acciones reforzar\u00e1n significativamente las labores de b\u00fasqueda en nuestra entidad.<\/p>\n<p>Al respecto, la diputada Emma Idalia Salda\u00f1a Guerrero y el diputado Jos\u00e9 Luis Fern\u00e1ndez Mart\u00ednez, coincidieron en se\u00f1alar que el tema de las personas desaparecidas en San Luis Potos\u00ed, es un problema que se debe\u00a0atender de manera puntual para evitar que estos casos se sigan presentando.<\/p>\n<p>Ambos legisladores, se sensibilizaron con las y los integrantes de la Asociaci\u00f3n Civil, \u201cVoz y Dignidad por los Nuestros SLP\u201d, y otras organizaciones de activistas vinculadas con la b\u00fasqueda de personas desaparecidas.<\/p>\n<p>El presidente de la Comisi\u00f3n de Gobernaci\u00f3n, diputado Jos\u00e9 Luis Fern\u00e1ndez Mart\u00ednez, coment\u00f3 que, \u201ccomo diputados hacemos el compromiso moral y \u00e9tico con este colectivo y todas las personas que est\u00e1n buscando un familiar de atender el pliego petitorio que nos presentaron, porque es bastante entendible el abrir foros de trabajo y hacer un an\u00e1lisis profundo de nuestras leyes y procedimiento para ser m\u00e1s eficientes ante un hecho tan terrible y creo que esto ser\u00eda la consecuencia de estos foros que nos han venido a plantear ante el Congreso del Estado\u201d.\u00a0<\/p>\n<\/div>\n<p><\/p>\n","protected":false},"excerpt":{"rendered":"<p>DIP. JOS\u00c9 LUIS FERN\u00c1NDEZ Y DIP. EMMA IDALIA SALDA\u00d1A RECIBIERON A INTEGRANTES DE LA ASOCIACI\u00d3N CIVIL, \u201cVOZ Y DIGNIDAD POR LOS NUESTROS SLP\u201d El Congreso del Estado a trav\u00e9s de la presidenta de la Comisi\u00f3n de Igualdad de G\u00e9nero, diputada Emma Idalia Salda\u00f1a Guerrero y el presidente de la Comisi\u00f3n de Gobernaci\u00f3n, diputado Jos\u00e9 Luis [&hellip;]<\/p>\n","protected":false},"author":2,"featured_media":9651,"comment_status":"","ping_status":"","sticky":false,"template":"","format":"standard","meta":{"_monsterinsights_skip_tracking":false,"_monsterinsights_sitenote_active":false,"_monsterinsights_sitenote_note":"","_monsterinsights_sitenote_category":0,"footnotes":""},"categories":[5],"tags":[],"class_list":["post-9650","post","type-post","status-publish","format-standard","has-post-thumbnail","hentry","category-san-luis-potosi"],"_links":{"self":[{"href":"https:\/\/informebajio.com.mx\/index.php?rest_route=\/wp\/v2\/posts\/9650","targetHints":{"allow":["GET"]}}],"collection":[{"href":"https:\/\/informebajio.com.mx\/index.php?rest_route=\/wp\/v2\/posts"}],"about":[{"href":"https:\/\/informebajio.com.mx\/index.php?rest_route=\/wp\/v2\/types\/post"}],"author":[{"embeddable":true,"href":"https:\/\/informebajio.com.mx\/index.php?rest_route=\/wp\/v2\/users\/2"}],"replies":[{"embeddable":true,"href":"https:\/\/informebajio.com.mx\/index.php?rest_route=%2Fwp%2Fv2%2Fcomments&post=9650"}],"version-history":[{"count":0,"href":"https:\/\/informebajio.com.mx\/index.php?rest_route=\/wp\/v2\/posts\/9650\/revisions"}],"wp:featuredmedia":[{"embeddable":true,"href":"https:\/\/informebajio.com.mx\/index.php?rest_route=\/wp\/v2\/media\/9651"}],"wp:attachment":[{"href":"https:\/\/informebajio.com.mx\/index.php?rest_route=%2Fwp%2Fv2%2Fmedia&parent=9650"}],"wp:term":[{"taxonomy":"category","embeddable":true,"href":"https:\/\/informebajio.com.mx\/index.php?rest_route=%2Fwp%2Fv2%2Fcategories&post=9650"},{"taxonomy":"post_tag","embeddable":true,"href":"https:\/\/informebajio.com.mx\/index.php?rest_route=%2Fwp%2Fv2%2Ftags&post=9650"}],"curies":[{"name":"wp","href":"https:\/\/api.w.org\/{rel}","templated":true}]}}