{"id":9684,"date":"2023-05-11T19:00:40","date_gmt":"2023-05-12T00:00:40","guid":{"rendered":"https:\/\/informebajio.com.mx\/?p=9684"},"modified":"2023-05-11T19:00:40","modified_gmt":"2023-05-12T00:00:40","slug":"sabes-por-que-la-fundadora-del-dia-de-la-madre-nunca-tuvo-hijos","status":"publish","type":"post","link":"https:\/\/informebajio.com.mx\/?p=9684","title":{"rendered":"\u00bfSabes por qu\u00e9 la fundadora del D\u00eda de la Madre nunca tuvo hijos?"},"content":{"rendered":"<div id=\"content-body-225-10043187\">\n<p>Morelia, Michoac\u00e1n (OEM-Infomex).- La fundadora del<b> D\u00eda de la Madre fue Anna Jarvis<\/b>, sin embargo, fue una mujer que<b> nunca lleg\u00f3 a ser madre<\/b>. De tal manera, ahora sabemos que <b>no fue la experiencia propia de la maternidad<\/b> el impulso para fundar este d\u00eda de reconocimiento y homenaje a la maternidad. \u00bfEntonces? A continuaci\u00f3n te lo contamos.<\/p>\n<p>La madre de Anna ten\u00eda como nombre <b>Ann Rivers Jarvis<\/b> y fue <b>el principal motivo de Anna para la fundaci\u00f3n del D\u00eda de la madre<\/b>. Anna naci\u00f3 en una familia pobre en Webster, Virginia, Estados Unidos, en 1864, siendo <b>una de 13 hermanos<\/b>. Su madre Ann Rivers <b>fue una maestra <\/b>que trabaj\u00f3 en varias escuelas de los estados de Estados Unidos.<\/p>\n<p>En 1905 Anna recibi\u00f3 una terrible noticia, su madre Ann Jarvis <b>hab\u00eda fallecido<\/b>. Como <b>resultado de esta situaci\u00f3n<\/b>, Anna<b> inici\u00f3 una campa\u00f1a para establecer un d\u00eda festivo en honor a las madres<\/b>. El sentido de este d\u00eda para Anna ser\u00eda que <b>las madres merec\u00edan un d\u00eda especial para celebrar y reconocer todos sus sacrificios<\/b>, y <b>su amor incondicional<\/b>.<\/p>\n<p>El primer D\u00eda de la Madre tuvo su<b> primera celebraci\u00f3n en la ciudad de Filadelfia en 1908<\/b>, gracias a los esfuerzos de Anna y sus partidarios. Asimismo, en este a\u00f1o, cre\u00f3 la <b>Asociaci\u00f3n Internacional del D\u00eda de la Madre para difundir su mensaje por todo el pa\u00eds<\/b>. En<b> 1914<\/b>, el presidente estadounidense <b>Woodrow Wilson<\/b> <b>firm\u00f3 una ley que convert\u00eda el D\u00eda de la Madre en festivo oficial<\/b>.<\/p>\n<p>Anna fue tambi\u00e9n una<b> respetada y querida activista social en su ciudad de Virginia<\/b> y en todo el pa\u00eds hasta sus \u00faltimos d\u00edas de vida. Anna observ\u00f3 que <b>al paso del tiempo se hab\u00eda distorsionado la conmemoraci\u00f3n <\/b>del D\u00eda de la Madre, por lo tanto,<b> el sentido inicial de este d\u00eda se iba extinguiendo<\/b>, dado esto, <b>protest\u00f3 fuertemente para la eliminaci\u00f3n<\/b> de este d\u00eda.<\/p>\n<p>Anna sigui\u00f3 trabajando para promover su mensaje hasta su muerte en 1948 con tan s\u00f3lo 84 a\u00f1os de edad. Sin embargo, <b>su legado queda vivo con esta fecha especial<\/b>, que<b> conmemora y reconoce la maternidad<\/b>, cada segundo domingo de mayo. La tumba de Anna est\u00e1 en West, Virginia, Estados Unidos, junto a la tumba de su madre.<\/p>\n<p>Anna dej\u00f3 una gran mensaje, demostr\u00f3 que <b>no se necesita tener hijos propios para celebrar la maternidad <\/b>y que fue en el amor y cuidados de su madre, donde <b>encontr\u00f3 una madre ideal y un ejemplo<\/b>, por eso quiso reconocer un d\u00eda especial para <b>agradecer y reconocer lo que es ser madre<\/b>. Actualmente, <b>el D\u00eda de la Madre se celebra en m\u00e1s de 40 pa\u00edses <\/b>de todo el mundo.<\/p>\n<\/div>\n<p><script>(function(d, s, id) {\nvar js, fjs = d.getElementsByTagName(s)[0];\nif (d.getElementById(id)) return;\njs = d.createElement(s); js.id = id;\njs.src = 'https:\/\/connect.facebook.net\/es_LA\/sdk.js#xfbml=1&version=v3.2&appId=2304818722879035&autoLogAppEvents=1';\nfjs.parentNode.insertBefore(js, fjs);\n}(document, 'script', 'facebook-jssdk'));\n<\/script><\/p>\n","protected":false},"excerpt":{"rendered":"<p>Morelia, Michoac\u00e1n (OEM-Infomex).- La fundadora del D\u00eda de la Madre fue Anna Jarvis, sin embargo, fue una mujer que nunca lleg\u00f3 a ser madre. De tal manera, ahora sabemos que no fue la experiencia propia de la maternidad el impulso para fundar este d\u00eda de reconocimiento y homenaje a la maternidad. \u00bfEntonces? A continuaci\u00f3n te [&hellip;]<\/p>\n","protected":false},"author":2,"featured_media":9685,"comment_status":"","ping_status":"","sticky":false,"template":"","format":"standard","meta":{"_monsterinsights_skip_tracking":false,"_monsterinsights_sitenote_active":false,"_monsterinsights_sitenote_note":"","_monsterinsights_sitenote_category":0,"footnotes":""},"categories":[7],"tags":[],"class_list":["post-9684","post","type-post","status-publish","format-standard","has-post-thumbnail","hentry","category-michoacan"],"_links":{"self":[{"href":"https:\/\/informebajio.com.mx\/index.php?rest_route=\/wp\/v2\/posts\/9684","targetHints":{"allow":["GET"]}}],"collection":[{"href":"https:\/\/informebajio.com.mx\/index.php?rest_route=\/wp\/v2\/posts"}],"about":[{"href":"https:\/\/informebajio.com.mx\/index.php?rest_route=\/wp\/v2\/types\/post"}],"author":[{"embeddable":true,"href":"https:\/\/informebajio.com.mx\/index.php?rest_route=\/wp\/v2\/users\/2"}],"replies":[{"embeddable":true,"href":"https:\/\/informebajio.com.mx\/index.php?rest_route=%2Fwp%2Fv2%2Fcomments&post=9684"}],"version-history":[{"count":0,"href":"https:\/\/informebajio.com.mx\/index.php?rest_route=\/wp\/v2\/posts\/9684\/revisions"}],"wp:featuredmedia":[{"embeddable":true,"href":"https:\/\/informebajio.com.mx\/index.php?rest_route=\/wp\/v2\/media\/9685"}],"wp:attachment":[{"href":"https:\/\/informebajio.com.mx\/index.php?rest_route=%2Fwp%2Fv2%2Fmedia&parent=9684"}],"wp:term":[{"taxonomy":"category","embeddable":true,"href":"https:\/\/informebajio.com.mx\/index.php?rest_route=%2Fwp%2Fv2%2Fcategories&post=9684"},{"taxonomy":"post_tag","embeddable":true,"href":"https:\/\/informebajio.com.mx\/index.php?rest_route=%2Fwp%2Fv2%2Ftags&post=9684"}],"curies":[{"name":"wp","href":"https:\/\/api.w.org\/{rel}","templated":true}]}}