{"id":9718,"date":"2023-05-12T07:04:01","date_gmt":"2023-05-12T12:04:01","guid":{"rendered":"https:\/\/informebajio.com.mx\/?p=9718"},"modified":"2023-05-12T07:04:01","modified_gmt":"2023-05-12T12:04:01","slug":"edomex-dan-46-anos-a-hombre-que-ataco-con-acido-a-carmen-sanchez","status":"publish","type":"post","link":"https:\/\/informebajio.com.mx\/?p=9718","title":{"rendered":"Edomex: dan 46 a\u00f1os a hombre que atac\u00f3 con \u00e1cido a Carmen S\u00e1nchez"},"content":{"rendered":"<div>\n<p>El fall\u00f3 se dio a nueve a\u00f1os de ocurrido el hecho.<\/p>\n<p>(La Jornada)<\/p>\n<p>Chalco, M\u00e9x.\u00a0Una jueza del Tribunal de Enjuiciamiento adscrito al penal estatal de Chalco sentenci\u00f3 a Efr\u00e9n Garc\u00eda Ram\u00edrez a 46 a\u00f1os y ocho meses de prisi\u00f3n por el delito de Feminicidio en grado de tentativa en agravio de Carmen S\u00e1nchez quien era su pareja y a quien arroj\u00f3 \u00e1cido al rostro. El fall\u00f3 se dio a nueve a\u00f1os de ocurrido el hecho en el municipio de Ixtapaluca.<\/p>\n<p>Este jueves, se celebr\u00f3 la audiencia de individualizaci\u00f3n de pena en la que estuvo presente el acusado y la v\u00edctima. Esta \u00faltima se convirti\u00f3 en activista de lucha contra el feminicidio y la violencia de g\u00e9nero y de no haberlo hecho, asegura que nunca se le hubiera hecho justicia.<\/p>\n<p>En entrevista, Carmen Garc\u00eda inform\u00f3 que estuvo de acuerdo con la sentencia; pero no as\u00ed con la reparaci\u00f3n del da\u00f1o, porque consider\u00f3 que esta no solo debe ser econ\u00f3mica, sino integral por todo el da\u00f1o psicol\u00f3gico, social y patrimonial que hoy sufre, a ra\u00edz de las marcas que le quedaron en su rostro, principalmente.<\/p>\n<div class=\"wp-block-image\">\n<figure class=\"aligncenter size-full\"><img loading=\"lazy\" decoding=\"async\" width=\"745\" height=\"558\" alt=\"\" srcset=\"https:\/\/laroja.com.mx\/wp-content\/uploads\/2023\/05\/image-91.png 745w, https:\/\/laroja.com.mx\/wp-content\/uploads\/2023\/05\/image-91-600x449.png 600w, https:\/\/laroja.com.mx\/wp-content\/uploads\/2023\/05\/image-91-150x112.png 150w\" src=\"https:\/\/laroja.com.mx\/wp-content\/uploads\/2023\/05\/image-91.png\" data-sizes=\"(max-width: 745px) 100vw, 745px\" class=\"wp-image-146122 lazyload\" bad-src=\"data:image\/gif;base64,R0lGODlhAQABAAAAACH5BAEKAAEALAAAAAABAAEAAAICTAEAOw==\"\/><noscript><img loading=\"lazy\" decoding=\"async\" width=\"745\" height=\"558\" src=\"https:\/\/laroja.com.mx\/wp-content\/uploads\/2023\/05\/image-91.png\" alt=\"\" class=\"wp-image-146122\" srcset=\"https:\/\/laroja.com.mx\/wp-content\/uploads\/2023\/05\/image-91.png 745w, https:\/\/laroja.com.mx\/wp-content\/uploads\/2023\/05\/image-91-600x449.png 600w, https:\/\/laroja.com.mx\/wp-content\/uploads\/2023\/05\/image-91-150x112.png 150w\" sizes=\"auto, (max-width: 745px) 100vw, 745px\"\/><\/noscript><figcaption class=\"wp-element-caption\">Foto: Ren\u00e9 Ram\u00f3n\/ archivo (La Jornada)<\/figcaption><\/figure>\n<\/div><\/div>\n<p><\/p>\n","protected":false},"excerpt":{"rendered":"<p>El fall\u00f3 se dio a nueve a\u00f1os de ocurrido el hecho. (La Jornada) Chalco, M\u00e9x.\u00a0Una jueza del Tribunal de Enjuiciamiento adscrito al penal estatal de Chalco sentenci\u00f3 a Efr\u00e9n Garc\u00eda Ram\u00edrez a 46 a\u00f1os y ocho meses de prisi\u00f3n por el delito de Feminicidio en grado de tentativa en agravio de Carmen S\u00e1nchez quien era [&hellip;]<\/p>\n","protected":false},"author":2,"featured_media":9719,"comment_status":"","ping_status":"","sticky":false,"template":"","format":"standard","meta":{"_monsterinsights_skip_tracking":false,"_monsterinsights_sitenote_active":false,"_monsterinsights_sitenote_note":"","_monsterinsights_sitenote_category":0,"footnotes":""},"categories":[5],"tags":[],"class_list":["post-9718","post","type-post","status-publish","format-standard","has-post-thumbnail","hentry","category-san-luis-potosi"],"_links":{"self":[{"href":"https:\/\/informebajio.com.mx\/index.php?rest_route=\/wp\/v2\/posts\/9718","targetHints":{"allow":["GET"]}}],"collection":[{"href":"https:\/\/informebajio.com.mx\/index.php?rest_route=\/wp\/v2\/posts"}],"about":[{"href":"https:\/\/informebajio.com.mx\/index.php?rest_route=\/wp\/v2\/types\/post"}],"author":[{"embeddable":true,"href":"https:\/\/informebajio.com.mx\/index.php?rest_route=\/wp\/v2\/users\/2"}],"replies":[{"embeddable":true,"href":"https:\/\/informebajio.com.mx\/index.php?rest_route=%2Fwp%2Fv2%2Fcomments&post=9718"}],"version-history":[{"count":0,"href":"https:\/\/informebajio.com.mx\/index.php?rest_route=\/wp\/v2\/posts\/9718\/revisions"}],"wp:featuredmedia":[{"embeddable":true,"href":"https:\/\/informebajio.com.mx\/index.php?rest_route=\/wp\/v2\/media\/9719"}],"wp:attachment":[{"href":"https:\/\/informebajio.com.mx\/index.php?rest_route=%2Fwp%2Fv2%2Fmedia&parent=9718"}],"wp:term":[{"taxonomy":"category","embeddable":true,"href":"https:\/\/informebajio.com.mx\/index.php?rest_route=%2Fwp%2Fv2%2Fcategories&post=9718"},{"taxonomy":"post_tag","embeddable":true,"href":"https:\/\/informebajio.com.mx\/index.php?rest_route=%2Fwp%2Fv2%2Ftags&post=9718"}],"curies":[{"name":"wp","href":"https:\/\/api.w.org\/{rel}","templated":true}]}}