{"id":9744,"date":"2023-05-12T16:10:00","date_gmt":"2023-05-12T21:10:00","guid":{"rendered":"https:\/\/informebajio.com.mx\/?p=9744"},"modified":"2023-05-12T16:10:00","modified_gmt":"2023-05-12T21:10:00","slug":"ampliaran-sistema-de-proteccion-a-defensores-de-bosques-en-michoacan","status":"publish","type":"post","link":"https:\/\/informebajio.com.mx\/?p=9744","title":{"rendered":"Ampliar\u00e1n sistema de protecci\u00f3n a defensores de bosques en Michoac\u00e1n"},"content":{"rendered":"<div id=\"content-body-225-10048337\">\n<p>Morelia, Michoac\u00e1n (OEM-Infomex).- Se va a ampliar el sistema de protecci\u00f3n a los derechos humanos de los defensores de bosques, afirm\u00f3 el gobernador <b>Alfredo Ram\u00edrez Bedolla<\/b>, durante la firma del decreto del <b>\u00c1rea Natural Protegida Cerro del \u00c1guila.<\/b><\/p>\n<p><i>&#8220;Todos los defensores de los bosques van a tener un sistema especial de protecci\u00f3n, as\u00ed como hay un sistema de luchadores humanos, se va a ampliar para la protecci\u00f3n de los derechos humanos que defienden el bosque, eso tambi\u00e9n lo estamos trabajando&#8221;.<\/i><\/p>\n<p>El gobernador agreg\u00f3 que est\u00e1n apoyando la biodiversidad de <b>Michoac\u00e1n <\/b>y mencion\u00f3 algunos de los lugares que cuentan con riqueza de fauna y flora como la costa, la <b>Ci\u00e9nega de Chapala, <\/b>o la mariposa monarca. <\/p>\n<p><i><b>&#8220;Lo tenemos que cuidar y proteger&#8221;<\/b><\/i>, apunt\u00f3, sin embargo, es necesario mencionar que durante este a\u00f1o se han registrado diversas agresiones en contra de defensores ambientales en la entidad, que han llegado a la muerte y desapariciones, sin que hasta el momento haya justicia e informaci\u00f3n clara sobre sus casos.<\/p>\n<p>Por ejemplo, los asesinatos de <b>Alfredo Cisneros Madrigal,<\/b> jefe de bienes comunales en Sicuicho; Eustacio Alcal\u00e1, defensor de bosques en Chinicuila, as\u00ed como la desaparici\u00f3n de <b>Ricardo Lagunes y Antonio D\u00edaz Valencia<\/b> en los l\u00edmites de <b>Michoac\u00e1n y Colima.<\/b><\/p>\n<\/div>\n<p><script>(function(d, s, id) {\nvar js, fjs = d.getElementsByTagName(s)[0];\nif (d.getElementById(id)) return;\njs = d.createElement(s); js.id = id;\njs.src = 'https:\/\/connect.facebook.net\/es_LA\/sdk.js#xfbml=1&version=v3.2&appId=2304818722879035&autoLogAppEvents=1';\nfjs.parentNode.insertBefore(js, fjs);\n}(document, 'script', 'facebook-jssdk'));\n<\/script><\/p>\n","protected":false},"excerpt":{"rendered":"<p>Morelia, Michoac\u00e1n (OEM-Infomex).- Se va a ampliar el sistema de protecci\u00f3n a los derechos humanos de los defensores de bosques, afirm\u00f3 el gobernador Alfredo Ram\u00edrez Bedolla, durante la firma del decreto del \u00c1rea Natural Protegida Cerro del \u00c1guila. &#8220;Todos los defensores de los bosques van a tener un sistema especial de protecci\u00f3n, as\u00ed como hay [&hellip;]<\/p>\n","protected":false},"author":2,"featured_media":9745,"comment_status":"","ping_status":"","sticky":false,"template":"","format":"standard","meta":{"_monsterinsights_skip_tracking":false,"_monsterinsights_sitenote_active":false,"_monsterinsights_sitenote_note":"","_monsterinsights_sitenote_category":0,"footnotes":""},"categories":[7],"tags":[],"class_list":["post-9744","post","type-post","status-publish","format-standard","has-post-thumbnail","hentry","category-michoacan"],"_links":{"self":[{"href":"https:\/\/informebajio.com.mx\/index.php?rest_route=\/wp\/v2\/posts\/9744","targetHints":{"allow":["GET"]}}],"collection":[{"href":"https:\/\/informebajio.com.mx\/index.php?rest_route=\/wp\/v2\/posts"}],"about":[{"href":"https:\/\/informebajio.com.mx\/index.php?rest_route=\/wp\/v2\/types\/post"}],"author":[{"embeddable":true,"href":"https:\/\/informebajio.com.mx\/index.php?rest_route=\/wp\/v2\/users\/2"}],"replies":[{"embeddable":true,"href":"https:\/\/informebajio.com.mx\/index.php?rest_route=%2Fwp%2Fv2%2Fcomments&post=9744"}],"version-history":[{"count":0,"href":"https:\/\/informebajio.com.mx\/index.php?rest_route=\/wp\/v2\/posts\/9744\/revisions"}],"wp:featuredmedia":[{"embeddable":true,"href":"https:\/\/informebajio.com.mx\/index.php?rest_route=\/wp\/v2\/media\/9745"}],"wp:attachment":[{"href":"https:\/\/informebajio.com.mx\/index.php?rest_route=%2Fwp%2Fv2%2Fmedia&parent=9744"}],"wp:term":[{"taxonomy":"category","embeddable":true,"href":"https:\/\/informebajio.com.mx\/index.php?rest_route=%2Fwp%2Fv2%2Fcategories&post=9744"},{"taxonomy":"post_tag","embeddable":true,"href":"https:\/\/informebajio.com.mx\/index.php?rest_route=%2Fwp%2Fv2%2Ftags&post=9744"}],"curies":[{"name":"wp","href":"https:\/\/api.w.org\/{rel}","templated":true}]}}