{"id":9776,"date":"2023-05-13T03:15:58","date_gmt":"2023-05-13T08:15:58","guid":{"rendered":"https:\/\/informebajio.com.mx\/?p=9776"},"modified":"2023-05-13T03:15:58","modified_gmt":"2023-05-13T08:15:58","slug":"julion-alvarez-abarrota-feria-del-grano-y-la-cantera-pedro-escobedo-2023","status":"publish","type":"post","link":"https:\/\/informebajio.com.mx\/?p=9776","title":{"rendered":"JULI\u00d3N \u00c1LVAREZ ABARROTA FERIA DEL GRANO Y LA CANTERA PEDRO ESCOBEDO 2023"},"content":{"rendered":"<div>\n<p>En el s\u00e9ptimo d\u00eda de la Feria del Grano y la Cantera Pedro Escobedo 2023, y, dando continuidad al programa de festividades por el 82 aniversario del municipio, el p\u00fablico pudo disfrutar de los m\u00e1ximos exponentes de la m\u00fasica mexicana: Juli\u00f3n \u00c1lvarez.<\/p>\n<p>Desde muy temprano, se llev\u00f3 a cabo sobre la Av. Panamericana, el tradicinal desfile de Carros Aleg\u00f3ricos en los que las candidatas a \u201cFlor m\u00e1s Bella del Campo\u201d. <\/p>\n<p>M\u00e1s tarde, en el Auditorio de la ETA, se llev\u00f3 a cabo el certamen de \u201cLa Flor m\u00e1s Bella del Campo\u201d, d\u00f3nde result\u00f3 ganadora Ana Judith Guzm\u00e1n Trejo del ejido de Ajuchitlancito.<\/p>\n<p>Finalmente, el momento que todos esperaban lleg\u00f3 y Juli\u00f3n \u00c1lvarez subi\u00f3 al escenario para interpretar sus mayores \u00e9xitos. <br \/>El p\u00fablico no paraba de gritar y cantar cada una de sus canciones. Ah\u00ed mismo, el secretario de Desarrollo Social del Estado de Quer\u00e9taro, Agust\u00edn Dorantes y la presidenta del Sistema DIF Municipal, Araceli Olvera, le entregaron al \u201cRey de la Taquilla\u201d, un presente labrado en cantera distintivo de los artesanos de la Delegaci\u00f3n de Escol\u00e1sticas.<\/p>\n<p><img loading=\"lazy\" decoding=\"async\" class=\"alignnone size-medium wp-image-598960\" src=\"https:\/\/cdn.noticiasdequeretaro.com.mx\/wp-content\/uploads\/2023\/05\/12193033\/photo1683931084-1-600x450.jpeg\" alt=\"\" width=\"600\" height=\"450\" srcset=\"https:\/\/cdn.noticiasdequeretaro.com.mx\/wp-content\/uploads\/2023\/05\/12193033\/photo1683931084-1-600x450.jpeg 600w, https:\/\/cdn.noticiasdequeretaro.com.mx\/wp-content\/uploads\/2023\/05\/12193033\/photo1683931084-1-1024x768.jpeg 1024w, https:\/\/cdn.noticiasdequeretaro.com.mx\/wp-content\/uploads\/2023\/05\/12193033\/photo1683931084-1-300x225.jpeg 300w, https:\/\/cdn.noticiasdequeretaro.com.mx\/wp-content\/uploads\/2023\/05\/12193033\/photo1683931084-1-768x576.jpeg 768w, https:\/\/cdn.noticiasdequeretaro.com.mx\/wp-content\/uploads\/2023\/05\/12193033\/photo1683931084-1.jpeg 1280w\" sizes=\"auto, (max-width: 600px) 100vw, 600px\"\/> <img loading=\"lazy\" decoding=\"async\" class=\"alignnone size-medium wp-image-598961\" src=\"https:\/\/cdn.noticiasdequeretaro.com.mx\/wp-content\/uploads\/2023\/05\/12193039\/photo1683931084-2-600x450.jpeg\" alt=\"\" width=\"600\" height=\"450\" srcset=\"https:\/\/cdn.noticiasdequeretaro.com.mx\/wp-content\/uploads\/2023\/05\/12193039\/photo1683931084-2-600x450.jpeg 600w, https:\/\/cdn.noticiasdequeretaro.com.mx\/wp-content\/uploads\/2023\/05\/12193039\/photo1683931084-2-1024x768.jpeg 1024w, https:\/\/cdn.noticiasdequeretaro.com.mx\/wp-content\/uploads\/2023\/05\/12193039\/photo1683931084-2-300x225.jpeg 300w, https:\/\/cdn.noticiasdequeretaro.com.mx\/wp-content\/uploads\/2023\/05\/12193039\/photo1683931084-2-768x576.jpeg 768w, https:\/\/cdn.noticiasdequeretaro.com.mx\/wp-content\/uploads\/2023\/05\/12193039\/photo1683931084-2.jpeg 1280w\" sizes=\"auto, (max-width: 600px) 100vw, 600px\"\/> <img loading=\"lazy\" decoding=\"async\" class=\"alignnone size-medium wp-image-598962\" src=\"https:\/\/cdn.noticiasdequeretaro.com.mx\/wp-content\/uploads\/2023\/05\/12193045\/photo1683931084-3-600x582.jpeg\" alt=\"\" width=\"600\" height=\"582\" srcset=\"https:\/\/cdn.noticiasdequeretaro.com.mx\/wp-content\/uploads\/2023\/05\/12193045\/photo1683931084-3-600x582.jpeg 600w, https:\/\/cdn.noticiasdequeretaro.com.mx\/wp-content\/uploads\/2023\/05\/12193045\/photo1683931084-3-300x291.jpeg 300w, https:\/\/cdn.noticiasdequeretaro.com.mx\/wp-content\/uploads\/2023\/05\/12193045\/photo1683931084-3-768x746.jpeg 768w, https:\/\/cdn.noticiasdequeretaro.com.mx\/wp-content\/uploads\/2023\/05\/12193045\/photo1683931084-3.jpeg 1024w\" sizes=\"auto, (max-width: 600px) 100vw, 600px\"\/> <img loading=\"lazy\" decoding=\"async\" class=\"alignnone size-medium wp-image-598963\" src=\"https:\/\/cdn.noticiasdequeretaro.com.mx\/wp-content\/uploads\/2023\/05\/12193050\/photo1683931084-4-600x450.jpeg\" alt=\"\" width=\"600\" height=\"450\" srcset=\"https:\/\/cdn.noticiasdequeretaro.com.mx\/wp-content\/uploads\/2023\/05\/12193050\/photo1683931084-4-600x450.jpeg 600w, https:\/\/cdn.noticiasdequeretaro.com.mx\/wp-content\/uploads\/2023\/05\/12193050\/photo1683931084-4-1024x768.jpeg 1024w, https:\/\/cdn.noticiasdequeretaro.com.mx\/wp-content\/uploads\/2023\/05\/12193050\/photo1683931084-4-300x225.jpeg 300w, https:\/\/cdn.noticiasdequeretaro.com.mx\/wp-content\/uploads\/2023\/05\/12193050\/photo1683931084-4-768x576.jpeg 768w, https:\/\/cdn.noticiasdequeretaro.com.mx\/wp-content\/uploads\/2023\/05\/12193050\/photo1683931084-4.jpeg 1280w\" sizes=\"auto, (max-width: 600px) 100vw, 600px\"\/>\u00a0<\/p>\n<\/div>\n<p><\/p>\n","protected":false},"excerpt":{"rendered":"<p>En el s\u00e9ptimo d\u00eda de la Feria del Grano y la Cantera Pedro Escobedo 2023, y, dando continuidad al programa de festividades por el 82 aniversario del municipio, el p\u00fablico pudo disfrutar de los m\u00e1ximos exponentes de la m\u00fasica mexicana: Juli\u00f3n \u00c1lvarez. Desde muy temprano, se llev\u00f3 a cabo sobre la Av. Panamericana, el tradicinal [&hellip;]<\/p>\n","protected":false},"author":2,"featured_media":9777,"comment_status":"","ping_status":"","sticky":false,"template":"","format":"standard","meta":{"_monsterinsights_skip_tracking":false,"_monsterinsights_sitenote_active":false,"_monsterinsights_sitenote_note":"","_monsterinsights_sitenote_category":0,"footnotes":""},"categories":[4],"tags":[],"class_list":["post-9776","post","type-post","status-publish","format-standard","has-post-thumbnail","hentry","category-queretaro"],"_links":{"self":[{"href":"https:\/\/informebajio.com.mx\/index.php?rest_route=\/wp\/v2\/posts\/9776","targetHints":{"allow":["GET"]}}],"collection":[{"href":"https:\/\/informebajio.com.mx\/index.php?rest_route=\/wp\/v2\/posts"}],"about":[{"href":"https:\/\/informebajio.com.mx\/index.php?rest_route=\/wp\/v2\/types\/post"}],"author":[{"embeddable":true,"href":"https:\/\/informebajio.com.mx\/index.php?rest_route=\/wp\/v2\/users\/2"}],"replies":[{"embeddable":true,"href":"https:\/\/informebajio.com.mx\/index.php?rest_route=%2Fwp%2Fv2%2Fcomments&post=9776"}],"version-history":[{"count":0,"href":"https:\/\/informebajio.com.mx\/index.php?rest_route=\/wp\/v2\/posts\/9776\/revisions"}],"wp:featuredmedia":[{"embeddable":true,"href":"https:\/\/informebajio.com.mx\/index.php?rest_route=\/wp\/v2\/media\/9777"}],"wp:attachment":[{"href":"https:\/\/informebajio.com.mx\/index.php?rest_route=%2Fwp%2Fv2%2Fmedia&parent=9776"}],"wp:term":[{"taxonomy":"category","embeddable":true,"href":"https:\/\/informebajio.com.mx\/index.php?rest_route=%2Fwp%2Fv2%2Fcategories&post=9776"},{"taxonomy":"post_tag","embeddable":true,"href":"https:\/\/informebajio.com.mx\/index.php?rest_route=%2Fwp%2Fv2%2Ftags&post=9776"}],"curies":[{"name":"wp","href":"https:\/\/api.w.org\/{rel}","templated":true}]}}